{"id":8391,"date":"2026-02-06T09:27:44","date_gmt":"2026-02-06T08:27:44","guid":{"rendered":"https:\/\/agora.xtec.cat\/escolagaudisabadell\/?p=8391"},"modified":"2026-02-17T11:51:22","modified_gmt":"2026-02-17T10:51:22","slug":"cs-esquiada-06-02-2026","status":"publish","type":"post","link":"https:\/\/agora.xtec.cat\/escolagaudisabadell\/general\/cs-esquiada-06-02-2026\/","title":{"rendered":"CS Esquiada 06 02 2026"},"content":{"rendered":"<p style=\"text-align: center;\"><a href=\"https:\/\/photos.app.goo.gl\/q6UnyQm2xpdxNpb3A\" target=\"_blank\" rel=\"noopener\"><img loading=\"lazy\" decoding=\"async\" class=\"alignnone size-large wp-image-8392\" src=\"https:\/\/agora.xtec.cat\/escolagaudisabadell\/wp-content\/uploads\/usu1563\/2026\/02\/Portada-7-1024x414.jpg\" alt=\"\" width=\"1024\" height=\"414\" srcset=\"https:\/\/agora.xtec.cat\/escolagaudisabadell\/wp-content\/uploads\/usu1563\/2026\/02\/Portada-7-1024x414.jpg 1024w, https:\/\/agora.xtec.cat\/escolagaudisabadell\/wp-content\/uploads\/usu1563\/2026\/02\/Portada-7-300x121.jpg 300w, https:\/\/agora.xtec.cat\/escolagaudisabadell\/wp-content\/uploads\/usu1563\/2026\/02\/Portada-7-768x310.jpg 768w, https:\/\/agora.xtec.cat\/escolagaudisabadell\/wp-content\/uploads\/usu1563\/2026\/02\/Portada-7.jpg 1255w\" sizes=\"auto, (max-width: 1024px) 100vw, 1024px\" \/><\/a><\/p>\n<p style=\"text-align: center;\">El passat divendres 6 de febrer, els alumnes de Cicle Superior, vam anar a esquiar a la Masella. Va ser una gran experi\u00e8ncia, alguns de nosaltres era la primera vegada que toc\u00e0vem i v\u00e8iem en directe la neu.<br \/>\nL&#8217;experi\u00e8ncia amb els monitors no va ser gaire bona, de fet, en bastants casos va ser molt desagradable i irrespectuosa cap als alumnes, ja hem deixat ressenya i queixa dels fets.<br \/>\nPer\u00f2 lo important, \u00e9s que el contacte en un entorn diferent i tant especial amb els companys i els mestres i la mestra en pr\u00e0ctiques i ex-alumna del centre, va ser extraordin\u00e0ria i molt enriquidora. Ens quedem amb aix\u00f2.<\/p>\n","protected":false},"excerpt":{"rendered":"<p><a href=\"https:\/\/photos.app.goo.gl\/q6UnyQm2xpdxNpb3A\" target=\"_blank\" rel=\"noopener\"><\/a><br \/>\nEl passat divendres 6 de febrer, els alumnes de Cicle Superior, vam anar a esquiar a la Masella. Va ser una gran experi\u00e8ncia, alguns de nosaltres era la primera vegada que toc\u00e0vem i v\u00e8iem en directe la neu.<br \/>\nL&#8217;experi\u00e8ncia amb els monitors no&hellip;  <a href=\"https:\/\/agora.xtec.cat\/escolagaudisabadell\/general\/cs-esquiada-06-02-2026\/\" title=\"Read CS Esquiada 06 02 2026\">Llegeix m\u00e9s\u00bb<\/a><\/p>\n","protected":false},"author":1,"featured_media":8392,"comment_status":"closed","ping_status":"closed","sticky":false,"template":"","format":"standard","meta":{"_bbp_topic_count":0,"_bbp_reply_count":0,"_bbp_total_topic_count":0,"_bbp_total_reply_count":0,"_bbp_voice_count":0,"_bbp_anonymous_reply_count":0,"_bbp_topic_count_hidden":0,"_bbp_reply_count_hidden":0,"_bbp_forum_subforum_count":0,"footnotes":""},"categories":[14,15,71,1,4,5],"tags":[],"class_list":["post-8391","post","type-post","status-publish","format-standard","has-post-thumbnail","hentry","category-5e","category-6e","category-fotosdescola","category-general","category-portada","category-primaria"],"post_mailing_queue_ids":[],"_links":{"self":[{"href":"https:\/\/agora.xtec.cat\/escolagaudisabadell\/wp-json\/wp\/v2\/posts\/8391","targetHints":{"allow":["GET"]}}],"collection":[{"href":"https:\/\/agora.xtec.cat\/escolagaudisabadell\/wp-json\/wp\/v2\/posts"}],"about":[{"href":"https:\/\/agora.xtec.cat\/escolagaudisabadell\/wp-json\/wp\/v2\/types\/post"}],"author":[{"embeddable":true,"href":"https:\/\/agora.xtec.cat\/escolagaudisabadell\/wp-json\/wp\/v2\/users\/1"}],"replies":[{"embeddable":true,"href":"https:\/\/agora.xtec.cat\/escolagaudisabadell\/wp-json\/wp\/v2\/comments?post=8391"}],"version-history":[{"count":4,"href":"https:\/\/agora.xtec.cat\/escolagaudisabadell\/wp-json\/wp\/v2\/posts\/8391\/revisions"}],"predecessor-version":[{"id":8405,"href":"https:\/\/agora.xtec.cat\/escolagaudisabadell\/wp-json\/wp\/v2\/posts\/8391\/revisions\/8405"}],"wp:featuredmedia":[{"embeddable":true,"href":"https:\/\/agora.xtec.cat\/escolagaudisabadell\/wp-json\/wp\/v2\/media\/8392"}],"wp:attachment":[{"href":"https:\/\/agora.xtec.cat\/escolagaudisabadell\/wp-json\/wp\/v2\/media?parent=8391"}],"wp:term":[{"taxonomy":"category","embeddable":true,"href":"https:\/\/agora.xtec.cat\/escolagaudisabadell\/wp-json\/wp\/v2\/categories?post=8391"},{"taxonomy":"post_tag","embeddable":true,"href":"https:\/\/agora.xtec.cat\/escolagaudisabadell\/wp-json\/wp\/v2\/tags?post=8391"}],"curies":[{"name":"wp","href":"https:\/\/api.w.org\/{rel}","templated":true}]}}