{"id":8375,"date":"2025-11-12T17:00:16","date_gmt":"2025-11-12T16:00:16","guid":{"rendered":"https:\/\/agora.xtec.cat\/escolagaudisabadell\/?p=8375"},"modified":"2026-02-08T19:27:47","modified_gmt":"2026-02-08T18:27:47","slug":"5e-setmana-de-la-ciencia-12-11-25","status":"publish","type":"post","link":"https:\/\/agora.xtec.cat\/escolagaudisabadell\/general\/5e-setmana-de-la-ciencia-12-11-25\/","title":{"rendered":"5\u00e8 Setmana de la ci\u00e8ncia 12 11 25"},"content":{"rendered":"<p><a href=\"https:\/\/photos.app.goo.gl\/F21cJ4RXDznXRN6u7\" target=\"_blank\" rel=\"noopener\"><img loading=\"lazy\" decoding=\"async\" class=\"wp-image-8376 aligncenter\" src=\"https:\/\/agora.xtec.cat\/escolagaudisabadell\/wp-content\/uploads\/usu1563\/2026\/02\/Portada-4-1024x577.jpg\" alt=\"\" width=\"408\" height=\"230\" srcset=\"https:\/\/agora.xtec.cat\/escolagaudisabadell\/wp-content\/uploads\/usu1563\/2026\/02\/Portada-4-1024x577.jpg 1024w, https:\/\/agora.xtec.cat\/escolagaudisabadell\/wp-content\/uploads\/usu1563\/2026\/02\/Portada-4-300x169.jpg 300w, https:\/\/agora.xtec.cat\/escolagaudisabadell\/wp-content\/uploads\/usu1563\/2026\/02\/Portada-4-768x432.jpg 768w, https:\/\/agora.xtec.cat\/escolagaudisabadell\/wp-content\/uploads\/usu1563\/2026\/02\/Portada-4-1536x865.jpg 1536w, https:\/\/agora.xtec.cat\/escolagaudisabadell\/wp-content\/uploads\/usu1563\/2026\/02\/Portada-4-2048x1153.jpg 2048w\" sizes=\"auto, (max-width: 408px) 100vw, 408px\" \/><\/a><\/p>\n<p style=\"text-align: center\">Hem celebrat la Setmana de la Ci\u00e8ncia fent experiments i descobrint fen\u00f2mens molt interessants. Hem observat, hem preguntat i hem provat coses noves, tot posant-nos com a petits cient\u00edfics. Ha estat una setmana molt divertida i enriquidora, plena de curiositat i aprenentatge!<\/p>\n","protected":false},"excerpt":{"rendered":"<p><a href=\"https:\/\/photos.app.goo.gl\/F21cJ4RXDznXRN6u7\" target=\"_blank\" rel=\"noopener\"><\/a><br \/>\nHem celebrat la Setmana de la Ci\u00e8ncia fent experiments i descobrint fen\u00f2mens molt interessants. Hem observat, hem preguntat i hem provat coses noves, tot posant-nos com a petits cient\u00edfics. Ha estat una setmana molt divertida i enriquidora, plena de curiositat i aprenentatge!<\/p>\n","protected":false},"author":67,"featured_media":8376,"comment_status":"open","ping_status":"open","sticky":false,"template":"","format":"standard","meta":{"_bbp_topic_count":0,"_bbp_reply_count":0,"_bbp_total_topic_count":0,"_bbp_total_reply_count":0,"_bbp_voice_count":0,"_bbp_anonymous_reply_count":0,"_bbp_topic_count_hidden":0,"_bbp_reply_count_hidden":0,"_bbp_forum_subforum_count":0,"footnotes":""},"categories":[14,71,1,4],"tags":[],"class_list":["post-8375","post","type-post","status-publish","format-standard","has-post-thumbnail","hentry","category-5e","category-fotosdescola","category-general","category-portada"],"post_mailing_queue_ids":[],"_links":{"self":[{"href":"https:\/\/agora.xtec.cat\/escolagaudisabadell\/wp-json\/wp\/v2\/posts\/8375","targetHints":{"allow":["GET"]}}],"collection":[{"href":"https:\/\/agora.xtec.cat\/escolagaudisabadell\/wp-json\/wp\/v2\/posts"}],"about":[{"href":"https:\/\/agora.xtec.cat\/escolagaudisabadell\/wp-json\/wp\/v2\/types\/post"}],"author":[{"embeddable":true,"href":"https:\/\/agora.xtec.cat\/escolagaudisabadell\/wp-json\/wp\/v2\/users\/67"}],"replies":[{"embeddable":true,"href":"https:\/\/agora.xtec.cat\/escolagaudisabadell\/wp-json\/wp\/v2\/comments?post=8375"}],"version-history":[{"count":1,"href":"https:\/\/agora.xtec.cat\/escolagaudisabadell\/wp-json\/wp\/v2\/posts\/8375\/revisions"}],"predecessor-version":[{"id":8377,"href":"https:\/\/agora.xtec.cat\/escolagaudisabadell\/wp-json\/wp\/v2\/posts\/8375\/revisions\/8377"}],"wp:featuredmedia":[{"embeddable":true,"href":"https:\/\/agora.xtec.cat\/escolagaudisabadell\/wp-json\/wp\/v2\/media\/8376"}],"wp:attachment":[{"href":"https:\/\/agora.xtec.cat\/escolagaudisabadell\/wp-json\/wp\/v2\/media?parent=8375"}],"wp:term":[{"taxonomy":"category","embeddable":true,"href":"https:\/\/agora.xtec.cat\/escolagaudisabadell\/wp-json\/wp\/v2\/categories?post=8375"},{"taxonomy":"post_tag","embeddable":true,"href":"https:\/\/agora.xtec.cat\/escolagaudisabadell\/wp-json\/wp\/v2\/tags?post=8375"}],"curies":[{"name":"wp","href":"https:\/\/api.w.org\/{rel}","templated":true}]}}