{"id":8336,"date":"2026-01-16T17:00:56","date_gmt":"2026-01-16T16:00:56","guid":{"rendered":"https:\/\/agora.xtec.cat\/escolagaudisabadell\/?p=8336"},"modified":"2026-01-17T17:20:43","modified_gmt":"2026-01-17T16:20:43","slug":"1r-2n-sortida-park-guell-16-01-26","status":"publish","type":"post","link":"https:\/\/agora.xtec.cat\/escolagaudisabadell\/general\/1r-2n-sortida-park-guell-16-01-26\/","title":{"rendered":"1r i 2n Sortida Park G\u00fcell 16 01 26"},"content":{"rendered":"<p><a href=\"https:\/\/photos.app.goo.gl\/UEQ2A6Ev86ohYauC8\" target=\"_blank\" rel=\"noopener\"><img loading=\"lazy\" decoding=\"async\" class=\"wp-image-8337 aligncenter\" src=\"https:\/\/agora.xtec.cat\/escolagaudisabadell\/wp-content\/uploads\/usu1563\/2026\/01\/Portada-1-1024x771.jpg\" alt=\"\" width=\"353\" height=\"266\" srcset=\"https:\/\/agora.xtec.cat\/escolagaudisabadell\/wp-content\/uploads\/usu1563\/2026\/01\/Portada-1-1024x771.jpg 1024w, https:\/\/agora.xtec.cat\/escolagaudisabadell\/wp-content\/uploads\/usu1563\/2026\/01\/Portada-1-300x226.jpg 300w, https:\/\/agora.xtec.cat\/escolagaudisabadell\/wp-content\/uploads\/usu1563\/2026\/01\/Portada-1-768x578.jpg 768w, https:\/\/agora.xtec.cat\/escolagaudisabadell\/wp-content\/uploads\/usu1563\/2026\/01\/Portada-1-1536x1156.jpg 1536w, https:\/\/agora.xtec.cat\/escolagaudisabadell\/wp-content\/uploads\/usu1563\/2026\/01\/Portada-1-200x150.jpg 200w, https:\/\/agora.xtec.cat\/escolagaudisabadell\/wp-content\/uploads\/usu1563\/2026\/01\/Portada-1.jpg 1600w\" sizes=\"auto, (max-width: 353px) 100vw, 353px\" \/><\/a><\/p>\n<p style=\"text-align: center\">Hem fet una sortida al Park G\u00fcell i ha estat una experi\u00e8ncia molt especial. Acompanyats per un guia, hem descobert molts detalls i curiositats sobre Gaud\u00ed, les seves idees i la manera tan original que tenia de treballar. Hem observat les formes inspirades en la natura, els colors dels mosaics i els racons tan sorprenents del parc. Ha estat una sortida molt divertida i interessant que ens ha perm\u00e8s con\u00e8ixer millor l\u2019obra de Gaud\u00ed fora de l\u2019aula!<\/p>\n","protected":false},"excerpt":{"rendered":"<p><a href=\"https:\/\/photos.app.goo.gl\/UEQ2A6Ev86ohYauC8\" target=\"_blank\" rel=\"noopener\"><\/a><br \/>\nHem fet una sortida al Park G\u00fcell i ha estat una experi\u00e8ncia molt especial. Acompanyats per un guia, hem descobert molts detalls i curiositats sobre Gaud\u00ed, les seves idees i la manera tan original que tenia de treballar. Hem observat les formes&hellip;  <a href=\"https:\/\/agora.xtec.cat\/escolagaudisabadell\/general\/1r-2n-sortida-park-guell-16-01-26\/\" title=\"Read 1r i 2n Sortida Park G\u00fcell 16 01 26\">Llegeix m\u00e9s\u00bb<\/a><\/p>\n","protected":false},"author":67,"featured_media":8337,"comment_status":"open","ping_status":"open","sticky":false,"template":"","format":"standard","meta":{"_bbp_topic_count":0,"_bbp_reply_count":0,"_bbp_total_topic_count":0,"_bbp_total_reply_count":0,"_bbp_voice_count":0,"_bbp_anonymous_reply_count":0,"_bbp_topic_count_hidden":0,"_bbp_reply_count_hidden":0,"_bbp_forum_subforum_count":0,"footnotes":""},"categories":[10,11,71,1,4],"tags":[],"class_list":["post-8336","post","type-post","status-publish","format-standard","has-post-thumbnail","hentry","category-1r","category-2n","category-fotosdescola","category-general","category-portada"],"post_mailing_queue_ids":[],"_links":{"self":[{"href":"https:\/\/agora.xtec.cat\/escolagaudisabadell\/wp-json\/wp\/v2\/posts\/8336","targetHints":{"allow":["GET"]}}],"collection":[{"href":"https:\/\/agora.xtec.cat\/escolagaudisabadell\/wp-json\/wp\/v2\/posts"}],"about":[{"href":"https:\/\/agora.xtec.cat\/escolagaudisabadell\/wp-json\/wp\/v2\/types\/post"}],"author":[{"embeddable":true,"href":"https:\/\/agora.xtec.cat\/escolagaudisabadell\/wp-json\/wp\/v2\/users\/67"}],"replies":[{"embeddable":true,"href":"https:\/\/agora.xtec.cat\/escolagaudisabadell\/wp-json\/wp\/v2\/comments?post=8336"}],"version-history":[{"count":2,"href":"https:\/\/agora.xtec.cat\/escolagaudisabadell\/wp-json\/wp\/v2\/posts\/8336\/revisions"}],"predecessor-version":[{"id":8341,"href":"https:\/\/agora.xtec.cat\/escolagaudisabadell\/wp-json\/wp\/v2\/posts\/8336\/revisions\/8341"}],"wp:featuredmedia":[{"embeddable":true,"href":"https:\/\/agora.xtec.cat\/escolagaudisabadell\/wp-json\/wp\/v2\/media\/8337"}],"wp:attachment":[{"href":"https:\/\/agora.xtec.cat\/escolagaudisabadell\/wp-json\/wp\/v2\/media?parent=8336"}],"wp:term":[{"taxonomy":"category","embeddable":true,"href":"https:\/\/agora.xtec.cat\/escolagaudisabadell\/wp-json\/wp\/v2\/categories?post=8336"},{"taxonomy":"post_tag","embeddable":true,"href":"https:\/\/agora.xtec.cat\/escolagaudisabadell\/wp-json\/wp\/v2\/tags?post=8336"}],"curies":[{"name":"wp","href":"https:\/\/api.w.org\/{rel}","templated":true}]}}