{"id":8293,"date":"2025-11-28T15:33:17","date_gmt":"2025-11-28T14:33:17","guid":{"rendered":"https:\/\/agora.xtec.cat\/escolagaudisabadell\/?p=8293"},"modified":"2025-12-17T13:14:56","modified_gmt":"2025-12-17T12:14:56","slug":"ei-ci-trobada-literaria-28-11-25","status":"publish","type":"post","link":"https:\/\/agora.xtec.cat\/escolagaudisabadell\/general\/ei-ci-trobada-literaria-28-11-25\/","title":{"rendered":"EI-CI Trobada liter\u00e0ria 28 11 25"},"content":{"rendered":"<p>Com cada \u00faltim divendres de mes, les classes d&#8217;educaci\u00f3 infantil i cicle inicial ens trobem a la sala d&#8217;actes per fer la Trobada Liter\u00e0ria. En aquesta ocasi\u00f3 vam preparar rodolins. I en acabar vam tenir una gran sorpresa perqu\u00e8 va arribar una carta molt especial!!! Era de la mama del Ti\u00f3. Estava amagat i ens van costar molt trobar-lo!!!<\/p>\n<p class=\"hide-if-no-js\" style=\"text-align: center;\"><a id=\"set-post-thumbnail\" class=\"thickbox\" href=\"https:\/\/photos.app.goo.gl\/m1HMjgbrmp1sDXCU7\" aria-describedby=\"set-post-thumbnail-desc\"><img loading=\"lazy\" decoding=\"async\" class=\"attachment-266x266 alignnone\" src=\"https:\/\/agora.xtec.cat\/escolagaudisabadell\/wp-content\/uploads\/usu1563\/2025\/12\/IMG_20251128_154255-scaled.jpg\" alt=\"\" width=\"266\" height=\"200\" \/><\/a><\/p>\n","protected":false},"excerpt":{"rendered":"<p>Com cada \u00faltim divendres de mes, les classes d&#8217;educaci\u00f3 infantil i cicle inicial ens trobem a la sala d&#8217;actes per fer la Trobada Liter\u00e0ria. En aquesta ocasi\u00f3 vam preparar rodolins. I en acabar vam tenir una gran sorpresa perqu\u00e8 va arribar una carta molt especial!!!&hellip;  <a href=\"https:\/\/agora.xtec.cat\/escolagaudisabadell\/general\/ei-ci-trobada-literaria-28-11-25\/\" title=\"Read EI-CI Trobada liter\u00e0ria 28 11 25\">Llegeix m\u00e9s\u00bb<\/a><\/p>\n","protected":false},"author":3,"featured_media":8294,"comment_status":"closed","ping_status":"closed","sticky":false,"template":"","format":"standard","meta":{"_bbp_topic_count":0,"_bbp_reply_count":0,"_bbp_total_topic_count":0,"_bbp_total_reply_count":0,"_bbp_voice_count":0,"_bbp_anonymous_reply_count":0,"_bbp_topic_count_hidden":0,"_bbp_reply_count_hidden":0,"_bbp_forum_subforum_count":0,"footnotes":""},"categories":[10,11,71,1,2,4],"tags":[],"class_list":["post-8293","post","type-post","status-publish","format-standard","has-post-thumbnail","hentry","category-1r","category-2n","category-fotosdescola","category-general","category-infantil","category-portada"],"post_mailing_queue_ids":[],"_links":{"self":[{"href":"https:\/\/agora.xtec.cat\/escolagaudisabadell\/wp-json\/wp\/v2\/posts\/8293","targetHints":{"allow":["GET"]}}],"collection":[{"href":"https:\/\/agora.xtec.cat\/escolagaudisabadell\/wp-json\/wp\/v2\/posts"}],"about":[{"href":"https:\/\/agora.xtec.cat\/escolagaudisabadell\/wp-json\/wp\/v2\/types\/post"}],"author":[{"embeddable":true,"href":"https:\/\/agora.xtec.cat\/escolagaudisabadell\/wp-json\/wp\/v2\/users\/3"}],"replies":[{"embeddable":true,"href":"https:\/\/agora.xtec.cat\/escolagaudisabadell\/wp-json\/wp\/v2\/comments?post=8293"}],"version-history":[{"count":3,"href":"https:\/\/agora.xtec.cat\/escolagaudisabadell\/wp-json\/wp\/v2\/posts\/8293\/revisions"}],"predecessor-version":[{"id":8318,"href":"https:\/\/agora.xtec.cat\/escolagaudisabadell\/wp-json\/wp\/v2\/posts\/8293\/revisions\/8318"}],"wp:featuredmedia":[{"embeddable":true,"href":"https:\/\/agora.xtec.cat\/escolagaudisabadell\/wp-json\/wp\/v2\/media\/8294"}],"wp:attachment":[{"href":"https:\/\/agora.xtec.cat\/escolagaudisabadell\/wp-json\/wp\/v2\/media?parent=8293"}],"wp:term":[{"taxonomy":"category","embeddable":true,"href":"https:\/\/agora.xtec.cat\/escolagaudisabadell\/wp-json\/wp\/v2\/categories?post=8293"},{"taxonomy":"post_tag","embeddable":true,"href":"https:\/\/agora.xtec.cat\/escolagaudisabadell\/wp-json\/wp\/v2\/tags?post=8293"}],"curies":[{"name":"wp","href":"https:\/\/api.w.org\/{rel}","templated":true}]}}