{"id":8272,"date":"2025-12-02T17:00:30","date_gmt":"2025-12-02T16:00:30","guid":{"rendered":"https:\/\/agora.xtec.cat\/escolagaudisabadell\/?p=8272"},"modified":"2026-01-17T17:21:02","modified_gmt":"2026-01-17T16:21:02","slug":"1r-story-time-the-very-hungry-caterpillar-02-12-25","status":"publish","type":"post","link":"https:\/\/agora.xtec.cat\/escolagaudisabadell\/general\/1r-story-time-the-very-hungry-caterpillar-02-12-25\/","title":{"rendered":"1r Story Time &#8211; The very hungry caterpillar 02 12 25"},"content":{"rendered":"<p><a href=\"https:\/\/photos.app.goo.gl\/NUKd46P1pQ26yH3i7\" target=\"_blank\" rel=\"noopener\"><img loading=\"lazy\" decoding=\"async\" class=\"wp-image-8273 aligncenter\" src=\"https:\/\/agora.xtec.cat\/escolagaudisabadell\/wp-content\/uploads\/usu1563\/2025\/12\/Portada-6-1024x576.jpeg\" alt=\"\" width=\"478\" height=\"269\" srcset=\"https:\/\/agora.xtec.cat\/escolagaudisabadell\/wp-content\/uploads\/usu1563\/2025\/12\/Portada-6-1024x576.jpeg 1024w, https:\/\/agora.xtec.cat\/escolagaudisabadell\/wp-content\/uploads\/usu1563\/2025\/12\/Portada-6-300x169.jpeg 300w, https:\/\/agora.xtec.cat\/escolagaudisabadell\/wp-content\/uploads\/usu1563\/2025\/12\/Portada-6-768x432.jpeg 768w, https:\/\/agora.xtec.cat\/escolagaudisabadell\/wp-content\/uploads\/usu1563\/2025\/12\/Portada-6-1536x864.jpeg 1536w, https:\/\/agora.xtec.cat\/escolagaudisabadell\/wp-content\/uploads\/usu1563\/2025\/12\/Portada-6-2048x1152.jpeg 2048w\" sizes=\"auto, (max-width: 478px) 100vw, 478px\" \/><\/a><\/p>\n<p style=\"text-align: center\" data-start=\"159\" data-end=\"498\" data-is-last-node=\"\" data-is-only-node=\"\">Els nens i nenes de primer hem gaudit d\u2019una estona de <em data-start=\"186\" data-end=\"198\">Story Time<\/em> amb el conte <em data-start=\"212\" data-end=\"241\">The Very Hungry Caterpillar<\/em>. Hem ajudat l\u2019erugueta a menjar i a transformar-se en una bonica papallona, i de manera divertida hem apr\u00e8s tamb\u00e9 els dies de la setmana. Ha estat un moment m\u00e0gic i entretingut on hem pogut viure la hist\u00f2ria i gaudir de l\u2019angl\u00e8s d\u2019una manera molt especial!<\/p>\n","protected":false},"excerpt":{"rendered":"<p><a href=\"https:\/\/photos.app.goo.gl\/NUKd46P1pQ26yH3i7\" target=\"_blank\" rel=\"noopener\"><\/a><br \/>\nEls nens i nenes de primer hem gaudit d\u2019una estona de Story Time amb el conte The Very Hungry Caterpillar. Hem ajudat l\u2019erugueta a menjar i a transformar-se en una bonica papallona, i de manera divertida hem apr\u00e8s tamb\u00e9 els dies de&hellip;  <a href=\"https:\/\/agora.xtec.cat\/escolagaudisabadell\/general\/1r-story-time-the-very-hungry-caterpillar-02-12-25\/\" title=\"Read 1r Story Time &#8211; The very hungry caterpillar 02 12 25\">Llegeix m\u00e9s\u00bb<\/a><\/p>\n","protected":false},"author":67,"featured_media":8273,"comment_status":"open","ping_status":"open","sticky":false,"template":"","format":"standard","meta":{"_bbp_topic_count":0,"_bbp_reply_count":0,"_bbp_total_topic_count":0,"_bbp_total_reply_count":0,"_bbp_voice_count":0,"_bbp_anonymous_reply_count":0,"_bbp_topic_count_hidden":0,"_bbp_reply_count_hidden":0,"_bbp_forum_subforum_count":0,"footnotes":""},"categories":[10,71,1,4],"tags":[],"class_list":["post-8272","post","type-post","status-publish","format-standard","has-post-thumbnail","hentry","category-1r","category-fotosdescola","category-general","category-portada"],"post_mailing_queue_ids":[],"_links":{"self":[{"href":"https:\/\/agora.xtec.cat\/escolagaudisabadell\/wp-json\/wp\/v2\/posts\/8272","targetHints":{"allow":["GET"]}}],"collection":[{"href":"https:\/\/agora.xtec.cat\/escolagaudisabadell\/wp-json\/wp\/v2\/posts"}],"about":[{"href":"https:\/\/agora.xtec.cat\/escolagaudisabadell\/wp-json\/wp\/v2\/types\/post"}],"author":[{"embeddable":true,"href":"https:\/\/agora.xtec.cat\/escolagaudisabadell\/wp-json\/wp\/v2\/users\/67"}],"replies":[{"embeddable":true,"href":"https:\/\/agora.xtec.cat\/escolagaudisabadell\/wp-json\/wp\/v2\/comments?post=8272"}],"version-history":[{"count":2,"href":"https:\/\/agora.xtec.cat\/escolagaudisabadell\/wp-json\/wp\/v2\/posts\/8272\/revisions"}],"predecessor-version":[{"id":8343,"href":"https:\/\/agora.xtec.cat\/escolagaudisabadell\/wp-json\/wp\/v2\/posts\/8272\/revisions\/8343"}],"wp:featuredmedia":[{"embeddable":true,"href":"https:\/\/agora.xtec.cat\/escolagaudisabadell\/wp-json\/wp\/v2\/media\/8273"}],"wp:attachment":[{"href":"https:\/\/agora.xtec.cat\/escolagaudisabadell\/wp-json\/wp\/v2\/media?parent=8272"}],"wp:term":[{"taxonomy":"category","embeddable":true,"href":"https:\/\/agora.xtec.cat\/escolagaudisabadell\/wp-json\/wp\/v2\/categories?post=8272"},{"taxonomy":"post_tag","embeddable":true,"href":"https:\/\/agora.xtec.cat\/escolagaudisabadell\/wp-json\/wp\/v2\/tags?post=8272"}],"curies":[{"name":"wp","href":"https:\/\/api.w.org\/{rel}","templated":true}]}}