{"id":8269,"date":"2025-11-18T17:00:18","date_gmt":"2025-11-18T16:00:18","guid":{"rendered":"https:\/\/agora.xtec.cat\/escolagaudisabadell\/?p=8269"},"modified":"2026-01-17T17:21:37","modified_gmt":"2026-01-17T16:21:37","slug":"3r-art-workshop-cubism-tangles-18-11-25","status":"publish","type":"post","link":"https:\/\/agora.xtec.cat\/escolagaudisabadell\/general\/3r-art-workshop-cubism-tangles-18-11-25\/","title":{"rendered":"3r Art Workshop &#8211; Cubism Tangles 18 11 25"},"content":{"rendered":"<p><a href=\"https:\/\/photos.app.goo.gl\/hJNNFV3rx6tq7nyz9\" target=\"_blank\" rel=\"noopener\"><img loading=\"lazy\" decoding=\"async\" class=\"wp-image-8270 aligncenter\" src=\"https:\/\/agora.xtec.cat\/escolagaudisabadell\/wp-content\/uploads\/usu1563\/2025\/12\/Portada-5-1024x576.jpeg\" alt=\"\" width=\"466\" height=\"262\" srcset=\"https:\/\/agora.xtec.cat\/escolagaudisabadell\/wp-content\/uploads\/usu1563\/2025\/12\/Portada-5-1024x576.jpeg 1024w, https:\/\/agora.xtec.cat\/escolagaudisabadell\/wp-content\/uploads\/usu1563\/2025\/12\/Portada-5-300x169.jpeg 300w, https:\/\/agora.xtec.cat\/escolagaudisabadell\/wp-content\/uploads\/usu1563\/2025\/12\/Portada-5-768x432.jpeg 768w, https:\/\/agora.xtec.cat\/escolagaudisabadell\/wp-content\/uploads\/usu1563\/2025\/12\/Portada-5-1536x864.jpeg 1536w, https:\/\/agora.xtec.cat\/escolagaudisabadell\/wp-content\/uploads\/usu1563\/2025\/12\/Portada-5-2048x1152.jpeg 2048w\" sizes=\"auto, (max-width: 466px) 100vw, 466px\" \/><\/a><\/p>\n<p style=\"text-align: center\" data-start=\"129\" data-end=\"421\" data-is-last-node=\"\" data-is-only-node=\"\">Hem participat en un taller d\u2019art en angl\u00e8s anomenat <em data-start=\"157\" data-end=\"173\">Cubism Tangles<\/em>. Hem explorat formes i patrons diferents, combinant colors i l\u00ednies per crear dibuixos originals inspirats en el cubisme, i qu\u00e8 millor manera de fer-ho que aprenent angl\u00e8s al mateix temps! Ha estat una estona molt enriquidora on hem pogut experimentar i descobrir noves maneres de fer art.<\/p>\n","protected":false},"excerpt":{"rendered":"<p><a href=\"https:\/\/photos.app.goo.gl\/hJNNFV3rx6tq7nyz9\" target=\"_blank\" rel=\"noopener\"><\/a><br \/>\nHem participat en un taller d\u2019art en angl\u00e8s anomenat Cubism Tangles. Hem explorat formes i patrons diferents, combinant colors i l\u00ednies per crear dibuixos originals inspirats en el cubisme, i qu\u00e8 millor manera de fer-ho que aprenent angl\u00e8s al mateix temps! Ha&hellip;  <a href=\"https:\/\/agora.xtec.cat\/escolagaudisabadell\/general\/3r-art-workshop-cubism-tangles-18-11-25\/\" title=\"Read 3r Art Workshop &#8211; Cubism Tangles 18 11 25\">Llegeix m\u00e9s\u00bb<\/a><\/p>\n","protected":false},"author":67,"featured_media":8270,"comment_status":"open","ping_status":"open","sticky":false,"template":"","format":"standard","meta":{"_bbp_topic_count":0,"_bbp_reply_count":0,"_bbp_total_topic_count":0,"_bbp_total_reply_count":0,"_bbp_voice_count":0,"_bbp_anonymous_reply_count":0,"_bbp_topic_count_hidden":0,"_bbp_reply_count_hidden":0,"_bbp_forum_subforum_count":0,"footnotes":""},"categories":[12,71,1,4],"tags":[],"class_list":["post-8269","post","type-post","status-publish","format-standard","has-post-thumbnail","hentry","category-3r","category-fotosdescola","category-general","category-portada"],"post_mailing_queue_ids":[],"_links":{"self":[{"href":"https:\/\/agora.xtec.cat\/escolagaudisabadell\/wp-json\/wp\/v2\/posts\/8269","targetHints":{"allow":["GET"]}}],"collection":[{"href":"https:\/\/agora.xtec.cat\/escolagaudisabadell\/wp-json\/wp\/v2\/posts"}],"about":[{"href":"https:\/\/agora.xtec.cat\/escolagaudisabadell\/wp-json\/wp\/v2\/types\/post"}],"author":[{"embeddable":true,"href":"https:\/\/agora.xtec.cat\/escolagaudisabadell\/wp-json\/wp\/v2\/users\/67"}],"replies":[{"embeddable":true,"href":"https:\/\/agora.xtec.cat\/escolagaudisabadell\/wp-json\/wp\/v2\/comments?post=8269"}],"version-history":[{"count":2,"href":"https:\/\/agora.xtec.cat\/escolagaudisabadell\/wp-json\/wp\/v2\/posts\/8269\/revisions"}],"predecessor-version":[{"id":8347,"href":"https:\/\/agora.xtec.cat\/escolagaudisabadell\/wp-json\/wp\/v2\/posts\/8269\/revisions\/8347"}],"wp:featuredmedia":[{"embeddable":true,"href":"https:\/\/agora.xtec.cat\/escolagaudisabadell\/wp-json\/wp\/v2\/media\/8270"}],"wp:attachment":[{"href":"https:\/\/agora.xtec.cat\/escolagaudisabadell\/wp-json\/wp\/v2\/media?parent=8269"}],"wp:term":[{"taxonomy":"category","embeddable":true,"href":"https:\/\/agora.xtec.cat\/escolagaudisabadell\/wp-json\/wp\/v2\/categories?post=8269"},{"taxonomy":"post_tag","embeddable":true,"href":"https:\/\/agora.xtec.cat\/escolagaudisabadell\/wp-json\/wp\/v2\/tags?post=8269"}],"curies":[{"name":"wp","href":"https:\/\/api.w.org\/{rel}","templated":true}]}}