{"id":8245,"date":"2025-10-16T17:00:44","date_gmt":"2025-10-16T15:00:44","guid":{"rendered":"https:\/\/agora.xtec.cat\/escolagaudisabadell\/?p=8245"},"modified":"2025-12-15T20:42:54","modified_gmt":"2025-12-15T19:42:54","slug":"3r-biblioteca-del-nord-16-10-25","status":"publish","type":"post","link":"https:\/\/agora.xtec.cat\/escolagaudisabadell\/general\/3r-biblioteca-del-nord-16-10-25\/","title":{"rendered":"3r Biblioteca del Nord 16 10 25"},"content":{"rendered":"<p><a href=\"https:\/\/photos.app.goo.gl\/SkRuaEk4ErFm9f9c7\" target=\"_blank\" rel=\"noopener\"><img loading=\"lazy\" decoding=\"async\" class=\"wp-image-8246 aligncenter\" src=\"https:\/\/agora.xtec.cat\/escolagaudisabadell\/wp-content\/uploads\/usu1563\/2025\/12\/Portada-2-1024x577.jpg\" alt=\"\" width=\"419\" height=\"236\" srcset=\"https:\/\/agora.xtec.cat\/escolagaudisabadell\/wp-content\/uploads\/usu1563\/2025\/12\/Portada-2-1024x577.jpg 1024w, https:\/\/agora.xtec.cat\/escolagaudisabadell\/wp-content\/uploads\/usu1563\/2025\/12\/Portada-2-300x169.jpg 300w, https:\/\/agora.xtec.cat\/escolagaudisabadell\/wp-content\/uploads\/usu1563\/2025\/12\/Portada-2-768x432.jpg 768w, https:\/\/agora.xtec.cat\/escolagaudisabadell\/wp-content\/uploads\/usu1563\/2025\/12\/Portada-2-1536x865.jpg 1536w, https:\/\/agora.xtec.cat\/escolagaudisabadell\/wp-content\/uploads\/usu1563\/2025\/12\/Portada-2-2048x1153.jpg 2048w\" sizes=\"auto, (max-width: 419px) 100vw, 419px\" \/><\/a><\/p>\n<p style=\"text-align: center\" data-start=\"62\" data-end=\"96\"><strong data-start=\"62\" data-end=\"96\">Sortida a la biblioteca amb 3r<\/strong><\/p>\n<p style=\"text-align: center\" data-start=\"98\" data-end=\"359\" data-is-last-node=\"\" data-is-only-node=\"\">L\u2019alumnat de 3r hem visitat la biblioteca i ens ho hem passat d\u2019all\u00f2 m\u00e9s b\u00e9 explorant contes, \u00e0lbums i llibres de coneixements. Hem descobert racons nous, hem fullejat hist\u00f2ries que ens han captivat i hem gaudit d\u2019una estona de lectura ben agradable fora de l\u2019aula.<\/p>\n","protected":false},"excerpt":{"rendered":"<p><a href=\"https:\/\/photos.app.goo.gl\/SkRuaEk4ErFm9f9c7\" target=\"_blank\" rel=\"noopener\"><\/a><br \/>\nSortida a la biblioteca amb 3r<br \/>\nL\u2019alumnat de 3r hem visitat la biblioteca i ens ho hem passat d\u2019all\u00f2 m\u00e9s b\u00e9 explorant contes, \u00e0lbums i llibres de coneixements. Hem descobert racons nous, hem fullejat hist\u00f2ries que ens han captivat i hem gaudit d\u2019una&hellip;  <a href=\"https:\/\/agora.xtec.cat\/escolagaudisabadell\/general\/3r-biblioteca-del-nord-16-10-25\/\" title=\"Read 3r Biblioteca del Nord 16 10 25\">Llegeix m\u00e9s\u00bb<\/a><\/p>\n","protected":false},"author":67,"featured_media":8246,"comment_status":"open","ping_status":"open","sticky":false,"template":"","format":"standard","meta":{"_bbp_topic_count":0,"_bbp_reply_count":0,"_bbp_total_topic_count":0,"_bbp_total_reply_count":0,"_bbp_voice_count":0,"_bbp_anonymous_reply_count":0,"_bbp_topic_count_hidden":0,"_bbp_reply_count_hidden":0,"_bbp_forum_subforum_count":0,"footnotes":""},"categories":[12,71,1,4],"tags":[],"class_list":["post-8245","post","type-post","status-publish","format-standard","has-post-thumbnail","hentry","category-3r","category-fotosdescola","category-general","category-portada"],"post_mailing_queue_ids":[],"_links":{"self":[{"href":"https:\/\/agora.xtec.cat\/escolagaudisabadell\/wp-json\/wp\/v2\/posts\/8245","targetHints":{"allow":["GET"]}}],"collection":[{"href":"https:\/\/agora.xtec.cat\/escolagaudisabadell\/wp-json\/wp\/v2\/posts"}],"about":[{"href":"https:\/\/agora.xtec.cat\/escolagaudisabadell\/wp-json\/wp\/v2\/types\/post"}],"author":[{"embeddable":true,"href":"https:\/\/agora.xtec.cat\/escolagaudisabadell\/wp-json\/wp\/v2\/users\/67"}],"replies":[{"embeddable":true,"href":"https:\/\/agora.xtec.cat\/escolagaudisabadell\/wp-json\/wp\/v2\/comments?post=8245"}],"version-history":[{"count":1,"href":"https:\/\/agora.xtec.cat\/escolagaudisabadell\/wp-json\/wp\/v2\/posts\/8245\/revisions"}],"predecessor-version":[{"id":8247,"href":"https:\/\/agora.xtec.cat\/escolagaudisabadell\/wp-json\/wp\/v2\/posts\/8245\/revisions\/8247"}],"wp:featuredmedia":[{"embeddable":true,"href":"https:\/\/agora.xtec.cat\/escolagaudisabadell\/wp-json\/wp\/v2\/media\/8246"}],"wp:attachment":[{"href":"https:\/\/agora.xtec.cat\/escolagaudisabadell\/wp-json\/wp\/v2\/media?parent=8245"}],"wp:term":[{"taxonomy":"category","embeddable":true,"href":"https:\/\/agora.xtec.cat\/escolagaudisabadell\/wp-json\/wp\/v2\/categories?post=8245"},{"taxonomy":"post_tag","embeddable":true,"href":"https:\/\/agora.xtec.cat\/escolagaudisabadell\/wp-json\/wp\/v2\/tags?post=8245"}],"curies":[{"name":"wp","href":"https:\/\/api.w.org\/{rel}","templated":true}]}}