{"id":8183,"date":"2025-06-20T13:03:03","date_gmt":"2025-06-20T11:03:03","guid":{"rendered":"https:\/\/agora.xtec.cat\/escolagaudisabadell\/?p=8183"},"modified":"2025-11-05T15:36:36","modified_gmt":"2025-11-05T14:36:36","slug":"6e-graduacio-final-curs-20-06-25","status":"publish","type":"post","link":"https:\/\/agora.xtec.cat\/escolagaudisabadell\/general\/6e-graduacio-final-curs-20-06-25\/","title":{"rendered":"6\u00e8 Graduaci\u00f3 final curs 20 06 25"},"content":{"rendered":"<p style=\"text-align: center;\"><a href=\"https:\/\/photos.app.goo.gl\/rivLagT1kqz7RfG36\" target=\"_blank\" rel=\"noopener\"><img loading=\"lazy\" decoding=\"async\" class=\"alignnone size-large wp-image-8184\" src=\"https:\/\/agora.xtec.cat\/escolagaudisabadell\/wp-content\/uploads\/usu1563\/2025\/11\/Portada-2-1024x286.png\" alt=\"\" width=\"1024\" height=\"286\" srcset=\"https:\/\/agora.xtec.cat\/escolagaudisabadell\/wp-content\/uploads\/usu1563\/2025\/11\/Portada-2-1024x286.png 1024w, https:\/\/agora.xtec.cat\/escolagaudisabadell\/wp-content\/uploads\/usu1563\/2025\/11\/Portada-2-300x84.png 300w, https:\/\/agora.xtec.cat\/escolagaudisabadell\/wp-content\/uploads\/usu1563\/2025\/11\/Portada-2-768x214.png 768w, https:\/\/agora.xtec.cat\/escolagaudisabadell\/wp-content\/uploads\/usu1563\/2025\/11\/Portada-2.png 1121w\" sizes=\"auto, (max-width: 1024px) 100vw, 1024px\" \/><\/a><\/p>\n<p style=\"text-align: center;\">I finalment&#8230;.. Va arribar el gran dia!! Els nostres nens i nenes de 6\u00e8, despr\u00e9s de 9 anys a l&#8217;escola (la majoria, uns altres una mica menys), es van graduar de Prim\u00e0ria i marxen de l&#8217;escola que els ha vist cr\u00e9ixer per continuar fent-se grans, i gaudir de noves experi\u00e8ncies enriquidores. Que us vagi molt b\u00e9 i tingueu molta sort a la vida. Felicitats!! Aquesta sempre ser\u00e0 la vostra escola.<\/p>\n","protected":false},"excerpt":{"rendered":"<p><a href=\"https:\/\/photos.app.goo.gl\/rivLagT1kqz7RfG36\" target=\"_blank\" rel=\"noopener\"><\/a><br \/>\nI finalment&#8230;.. Va arribar el gran dia!! Els nostres nens i nenes de 6\u00e8, despr\u00e9s de 9 anys a l&#8217;escola (la majoria, uns altres una mica menys), es van graduar de Prim\u00e0ria i marxen de l&#8217;escola que els ha vist cr\u00e9ixer per&hellip;  <a href=\"https:\/\/agora.xtec.cat\/escolagaudisabadell\/general\/6e-graduacio-final-curs-20-06-25\/\" title=\"Read 6\u00e8 Graduaci\u00f3 final curs 20 06 25\">Llegeix m\u00e9s\u00bb<\/a><\/p>\n","protected":false},"author":1,"featured_media":8184,"comment_status":"closed","ping_status":"closed","sticky":false,"template":"","format":"standard","meta":{"_bbp_topic_count":0,"_bbp_reply_count":0,"_bbp_total_topic_count":0,"_bbp_total_reply_count":0,"_bbp_voice_count":0,"_bbp_anonymous_reply_count":0,"_bbp_topic_count_hidden":0,"_bbp_reply_count_hidden":0,"_bbp_forum_subforum_count":0,"footnotes":""},"categories":[15,71,1,4],"tags":[],"class_list":["post-8183","post","type-post","status-publish","format-standard","has-post-thumbnail","hentry","category-6e","category-fotosdescola","category-general","category-portada"],"post_mailing_queue_ids":[],"_links":{"self":[{"href":"https:\/\/agora.xtec.cat\/escolagaudisabadell\/wp-json\/wp\/v2\/posts\/8183","targetHints":{"allow":["GET"]}}],"collection":[{"href":"https:\/\/agora.xtec.cat\/escolagaudisabadell\/wp-json\/wp\/v2\/posts"}],"about":[{"href":"https:\/\/agora.xtec.cat\/escolagaudisabadell\/wp-json\/wp\/v2\/types\/post"}],"author":[{"embeddable":true,"href":"https:\/\/agora.xtec.cat\/escolagaudisabadell\/wp-json\/wp\/v2\/users\/1"}],"replies":[{"embeddable":true,"href":"https:\/\/agora.xtec.cat\/escolagaudisabadell\/wp-json\/wp\/v2\/comments?post=8183"}],"version-history":[{"count":2,"href":"https:\/\/agora.xtec.cat\/escolagaudisabadell\/wp-json\/wp\/v2\/posts\/8183\/revisions"}],"predecessor-version":[{"id":8188,"href":"https:\/\/agora.xtec.cat\/escolagaudisabadell\/wp-json\/wp\/v2\/posts\/8183\/revisions\/8188"}],"wp:featuredmedia":[{"embeddable":true,"href":"https:\/\/agora.xtec.cat\/escolagaudisabadell\/wp-json\/wp\/v2\/media\/8184"}],"wp:attachment":[{"href":"https:\/\/agora.xtec.cat\/escolagaudisabadell\/wp-json\/wp\/v2\/media?parent=8183"}],"wp:term":[{"taxonomy":"category","embeddable":true,"href":"https:\/\/agora.xtec.cat\/escolagaudisabadell\/wp-json\/wp\/v2\/categories?post=8183"},{"taxonomy":"post_tag","embeddable":true,"href":"https:\/\/agora.xtec.cat\/escolagaudisabadell\/wp-json\/wp\/v2\/tags?post=8183"}],"curies":[{"name":"wp","href":"https:\/\/api.w.org\/{rel}","templated":true}]}}