{"id":8165,"date":"2025-10-31T13:07:55","date_gmt":"2025-10-31T12:07:55","guid":{"rendered":"https:\/\/agora.xtec.cat\/escolagaudisabadell\/?p=8165"},"modified":"2025-11-05T13:24:55","modified_gmt":"2025-11-05T12:24:55","slug":"escola-la-castanyada-preparant-lesmorzar-31-10-25","status":"publish","type":"post","link":"https:\/\/agora.xtec.cat\/escolagaudisabadell\/general\/escola-la-castanyada-preparant-lesmorzar-31-10-25\/","title":{"rendered":"Escola La Castanyada: Preparant l&#8217;esmorzar 31 10 25"},"content":{"rendered":"<p><a href=\"https:\/\/photos.app.goo.gl\/5zqgXDqffugctuVeA\" target=\"_blank\" rel=\"noopener\"><img loading=\"lazy\" decoding=\"async\" class=\"alignnone size-full wp-image-8166 aligncenter\" src=\"https:\/\/agora.xtec.cat\/escolagaudisabadell\/wp-content\/uploads\/usu1563\/2025\/10\/Portada.jpg\" alt=\"\" width=\"700\" height=\"421\" srcset=\"https:\/\/agora.xtec.cat\/escolagaudisabadell\/wp-content\/uploads\/usu1563\/2025\/10\/Portada.jpg 700w, https:\/\/agora.xtec.cat\/escolagaudisabadell\/wp-content\/uploads\/usu1563\/2025\/10\/Portada-300x180.jpg 300w\" sizes=\"auto, (max-width: 700px) 100vw, 700px\" \/><\/a><\/p>\n<p style=\"text-align: center;\">Tot l&#8217;alumnat de l&#8217;escola Gaud\u00ed hem preparat les galetes i els &#8220;pinxitos&#8221; de fruita, per tal de poder esmozar m\u00e9s tard. Els i les m\u00e9s grans, hem ajudat als m\u00e9s petits per tal d&#8217;ensenyar-los a fer-ho el millor possible. Tenir responsabilitat ha sigut molt edificant!<\/p>\n","protected":false},"excerpt":{"rendered":"<p><a href=\"https:\/\/photos.app.goo.gl\/5zqgXDqffugctuVeA\" target=\"_blank\" rel=\"noopener\"><\/a><br \/>\nTot l&#8217;alumnat de l&#8217;escola Gaud\u00ed hem preparat les galetes i els &#8220;pinxitos&#8221; de fruita, per tal de poder esmozar m\u00e9s tard. Els i les m\u00e9s grans, hem ajudat als m\u00e9s petits per tal d&#8217;ensenyar-los a fer-ho el millor possible. Tenir responsabilitat ha&hellip;  <a href=\"https:\/\/agora.xtec.cat\/escolagaudisabadell\/general\/escola-la-castanyada-preparant-lesmorzar-31-10-25\/\" title=\"Read Escola La Castanyada: Preparant l&#8217;esmorzar 31 10 25\">Llegeix m\u00e9s\u00bb<\/a><\/p>\n","protected":false},"author":1,"featured_media":8166,"comment_status":"closed","ping_status":"closed","sticky":false,"template":"","format":"standard","meta":{"_bbp_topic_count":0,"_bbp_reply_count":0,"_bbp_total_topic_count":0,"_bbp_total_reply_count":0,"_bbp_voice_count":0,"_bbp_anonymous_reply_count":0,"_bbp_topic_count_hidden":0,"_bbp_reply_count_hidden":0,"_bbp_forum_subforum_count":0,"footnotes":""},"categories":[10,11,12,13,14,15,71,1,2,3,8,9,4,5],"tags":[],"class_list":["post-8165","post","type-post","status-publish","format-standard","has-post-thumbnail","hentry","category-1r","category-2n","category-3r","category-4t","category-5e","category-6e","category-fotosdescola","category-general","category-infantil","category-p3","category-p4","category-p5","category-portada","category-primaria"],"post_mailing_queue_ids":[],"_links":{"self":[{"href":"https:\/\/agora.xtec.cat\/escolagaudisabadell\/wp-json\/wp\/v2\/posts\/8165","targetHints":{"allow":["GET"]}}],"collection":[{"href":"https:\/\/agora.xtec.cat\/escolagaudisabadell\/wp-json\/wp\/v2\/posts"}],"about":[{"href":"https:\/\/agora.xtec.cat\/escolagaudisabadell\/wp-json\/wp\/v2\/types\/post"}],"author":[{"embeddable":true,"href":"https:\/\/agora.xtec.cat\/escolagaudisabadell\/wp-json\/wp\/v2\/users\/1"}],"replies":[{"embeddable":true,"href":"https:\/\/agora.xtec.cat\/escolagaudisabadell\/wp-json\/wp\/v2\/comments?post=8165"}],"version-history":[{"count":1,"href":"https:\/\/agora.xtec.cat\/escolagaudisabadell\/wp-json\/wp\/v2\/posts\/8165\/revisions"}],"predecessor-version":[{"id":8167,"href":"https:\/\/agora.xtec.cat\/escolagaudisabadell\/wp-json\/wp\/v2\/posts\/8165\/revisions\/8167"}],"wp:featuredmedia":[{"embeddable":true,"href":"https:\/\/agora.xtec.cat\/escolagaudisabadell\/wp-json\/wp\/v2\/media\/8166"}],"wp:attachment":[{"href":"https:\/\/agora.xtec.cat\/escolagaudisabadell\/wp-json\/wp\/v2\/media?parent=8165"}],"wp:term":[{"taxonomy":"category","embeddable":true,"href":"https:\/\/agora.xtec.cat\/escolagaudisabadell\/wp-json\/wp\/v2\/categories?post=8165"},{"taxonomy":"post_tag","embeddable":true,"href":"https:\/\/agora.xtec.cat\/escolagaudisabadell\/wp-json\/wp\/v2\/tags?post=8165"}],"curies":[{"name":"wp","href":"https:\/\/api.w.org\/{rel}","templated":true}]}}