{"id":8149,"date":"2025-10-28T13:53:28","date_gmt":"2025-10-28T12:53:28","guid":{"rendered":"https:\/\/agora.xtec.cat\/escolagaudisabadell\/?p=8149"},"modified":"2025-10-28T13:53:28","modified_gmt":"2025-10-28T12:53:28","slug":"ci-families-a-laula-15-17-10-25","status":"publish","type":"post","link":"https:\/\/agora.xtec.cat\/escolagaudisabadell\/general\/ci-families-a-laula-15-17-10-25\/","title":{"rendered":"CI FAM\u00cdLIES A L&#8217;AULA 15 -17 10 25"},"content":{"rendered":"<p>Les fam\u00edlies de cicle inicial van gaudir d&#8217;una tarda a l&#8217;aula. Despr\u00e9s d&#8217;una estona de lectura amb els infants, van jugar a jocs de taula tradicionals. Ens ho vam passar molt b\u00e9!!!<\/p>\n<p class=\"hide-if-no-js\" style=\"text-align: center\"><a id=\"set-post-thumbnail\" class=\"thickbox\" href=\"https:\/\/photos.app.goo.gl\/fe8BwXo9gGoUfH3k8\" aria-describedby=\"set-post-thumbnail-desc\"><img loading=\"lazy\" decoding=\"async\" class=\"attachment-266x266 alignnone\" src=\"https:\/\/agora.xtec.cat\/escolagaudisabadell\/wp-content\/uploads\/usu1563\/2025\/10\/IMG_20251015_160447-scaled.jpg\" alt=\"\" width=\"266\" height=\"200\" \/><\/a><\/p>\n","protected":false},"excerpt":{"rendered":"<p>Les fam\u00edlies de cicle inicial van gaudir d&#8217;una tarda a l&#8217;aula. Despr\u00e9s d&#8217;una estona de lectura amb els infants, van jugar a jocs de taula tradicionals. Ens ho vam passar molt b\u00e9!!!<br \/>\n<a id=\"set-post-thumbnail\" class=\"thickbox\" href=\"https:\/\/photos.app.goo.gl\/fe8BwXo9gGoUfH3k8\" aria-describedby=\"set-post-thumbnail-desc\"><\/a><\/p>\n","protected":false},"author":3,"featured_media":8150,"comment_status":"closed","ping_status":"closed","sticky":false,"template":"","format":"standard","meta":{"_bbp_topic_count":0,"_bbp_reply_count":0,"_bbp_total_topic_count":0,"_bbp_total_reply_count":0,"_bbp_voice_count":0,"_bbp_anonymous_reply_count":0,"_bbp_topic_count_hidden":0,"_bbp_reply_count_hidden":0,"_bbp_forum_subforum_count":0,"footnotes":""},"categories":[10,11,71,1,4],"tags":[],"class_list":["post-8149","post","type-post","status-publish","format-standard","has-post-thumbnail","hentry","category-1r","category-2n","category-fotosdescola","category-general","category-portada"],"post_mailing_queue_ids":[],"_links":{"self":[{"href":"https:\/\/agora.xtec.cat\/escolagaudisabadell\/wp-json\/wp\/v2\/posts\/8149","targetHints":{"allow":["GET"]}}],"collection":[{"href":"https:\/\/agora.xtec.cat\/escolagaudisabadell\/wp-json\/wp\/v2\/posts"}],"about":[{"href":"https:\/\/agora.xtec.cat\/escolagaudisabadell\/wp-json\/wp\/v2\/types\/post"}],"author":[{"embeddable":true,"href":"https:\/\/agora.xtec.cat\/escolagaudisabadell\/wp-json\/wp\/v2\/users\/3"}],"replies":[{"embeddable":true,"href":"https:\/\/agora.xtec.cat\/escolagaudisabadell\/wp-json\/wp\/v2\/comments?post=8149"}],"version-history":[{"count":2,"href":"https:\/\/agora.xtec.cat\/escolagaudisabadell\/wp-json\/wp\/v2\/posts\/8149\/revisions"}],"predecessor-version":[{"id":8154,"href":"https:\/\/agora.xtec.cat\/escolagaudisabadell\/wp-json\/wp\/v2\/posts\/8149\/revisions\/8154"}],"wp:featuredmedia":[{"embeddable":true,"href":"https:\/\/agora.xtec.cat\/escolagaudisabadell\/wp-json\/wp\/v2\/media\/8150"}],"wp:attachment":[{"href":"https:\/\/agora.xtec.cat\/escolagaudisabadell\/wp-json\/wp\/v2\/media?parent=8149"}],"wp:term":[{"taxonomy":"category","embeddable":true,"href":"https:\/\/agora.xtec.cat\/escolagaudisabadell\/wp-json\/wp\/v2\/categories?post=8149"},{"taxonomy":"post_tag","embeddable":true,"href":"https:\/\/agora.xtec.cat\/escolagaudisabadell\/wp-json\/wp\/v2\/tags?post=8149"}],"curies":[{"name":"wp","href":"https:\/\/api.w.org\/{rel}","templated":true}]}}