{"id":8146,"date":"2025-10-28T14:49:11","date_gmt":"2025-10-28T13:49:11","guid":{"rendered":"https:\/\/agora.xtec.cat\/escolagaudisabadell\/?p=8146"},"modified":"2025-12-09T10:00:16","modified_gmt":"2025-12-09T09:00:16","slug":"eleccions-pel-consell-escolar-dimecres-19-novembre-2025","status":"publish","type":"post","link":"https:\/\/agora.xtec.cat\/escolagaudisabadell\/general\/eleccions-pel-consell-escolar-dimecres-19-novembre-2025\/","title":{"rendered":"Eleccions pel Consell Escolar: dimecres 19 Novembre 2025"},"content":{"rendered":"<p style=\"text-align: center;\"><img loading=\"lazy\" decoding=\"async\" class=\"wp-image-8145 alignleft\" src=\"https:\/\/agora.xtec.cat\/escolagaudisabadell\/wp-content\/uploads\/usu1563\/2025\/10\/Cartell-Consell-Escolar-2025Nov-719x1024.jpg\" alt=\"\" width=\"258\" height=\"367\" srcset=\"https:\/\/agora.xtec.cat\/escolagaudisabadell\/wp-content\/uploads\/usu1563\/2025\/10\/Cartell-Consell-Escolar-2025Nov-719x1024.jpg 719w, https:\/\/agora.xtec.cat\/escolagaudisabadell\/wp-content\/uploads\/usu1563\/2025\/10\/Cartell-Consell-Escolar-2025Nov-211x300.jpg 211w, https:\/\/agora.xtec.cat\/escolagaudisabadell\/wp-content\/uploads\/usu1563\/2025\/10\/Cartell-Consell-Escolar-2025Nov-768x1094.jpg 768w, https:\/\/agora.xtec.cat\/escolagaudisabadell\/wp-content\/uploads\/usu1563\/2025\/10\/Cartell-Consell-Escolar-2025Nov-1078x1536.jpg 1078w, https:\/\/agora.xtec.cat\/escolagaudisabadell\/wp-content\/uploads\/usu1563\/2025\/10\/Cartell-Consell-Escolar-2025Nov-1437x2048.jpg 1437w, https:\/\/agora.xtec.cat\/escolagaudisabadell\/wp-content\/uploads\/usu1563\/2025\/10\/Cartell-Consell-Escolar-2025Nov-scaled.jpg 1796w\" sizes=\"auto, (max-width: 258px) 100vw, 258px\" \/><\/p>\n<p>\u00a0 \u00a0 \u00a0 \u00a0 \u00a0 \u00a0 \u00a0 \u00a0 \u00a0 \u00a0 \u00a0 \u00a0 \u00a0 \u00a0 \u00a0 \u00a0 \u00a0 \u00a0 \u00a0 <img loading=\"lazy\" decoding=\"async\" class=\"alignnone wp-image-8148\" src=\"https:\/\/agora.xtec.cat\/escolagaudisabadell\/wp-content\/uploads\/usu1563\/2025\/10\/Calendari-CE-2025-1.jpg\" alt=\"\" width=\"515\" height=\"747\" srcset=\"https:\/\/agora.xtec.cat\/escolagaudisabadell\/wp-content\/uploads\/usu1563\/2025\/10\/Calendari-CE-2025-1.jpg 375w, https:\/\/agora.xtec.cat\/escolagaudisabadell\/wp-content\/uploads\/usu1563\/2025\/10\/Calendari-CE-2025-1-207x300.jpg 207w\" sizes=\"auto, (max-width: 515px) 100vw, 515px\" \/><\/p>\n<ul>\n<li>Del 28 d&#8217;octubre al 6 de novembre, <strong>les fam\u00edlies heu de venir a revisar el cens electoral<\/strong> i comprobar que hi sou inscrits i que les dades s\u00f3n correctes. Ser\u00e0 un document dos formats:<br \/>\n1. En paper f\u00edsic, disponible al vest\u00edbul de l&#8217;escola<br \/>\n2. Clicant el seg\u00fcent ENLLA\u00c7:<\/p>\n<h5><strong><a href=\"https:\/\/agora.xtec.cat\/escolagaudisabadell\/wp-content\/uploads\/usu1563\/2025\/10\/2025-Cens-Pares-dades-Protegides.pdf\" target=\"_blank\" rel=\"noopener\">2025 Cens Pares dades Protegides<\/a><\/strong><\/h5>\n<p>(les dades estan anonimitzades per seguretat).<\/li>\n<li>Del 2 al 6 de novembre, podeu <strong>reclamar a direcci\u00f3<\/strong> qualsevol errada en el cens electoral.<\/li>\n<li>El 6 de novembre procedirem a fer un <strong>sorteig<\/strong> per la participaci\u00f3 de les fam\u00edlies a la Mesa electoral. Es trucar\u00e0 per tel\u00e8fon a aquelles fam\u00edlies que hagin sortit aleat\u00f2riament.<\/li>\n<li>El 10 de novembre es <strong>resoldran les reclamacions<\/strong> presentades al cens i el dia 11 de novembre es <strong>publicar\u00e0 un nou cens<\/strong> electoral.<\/li>\n<li>El 14 de novembre s&#8217;han de\u00a0<strong>presentar les candidatures<\/strong> per tal de formar part del Consell Escolar del centre, com a representants de pares i mares.<\/li>\n<li>El 15 de novembre es\u00a0<strong><strong>publicaran les candidatures.<\/strong><\/strong>&nbsp;<\/li>\n<li>El 18 de novembre\u00a0 seran les\u00a0<strong>votacions dels representants de Mestres, PAS i PAE<\/strong>.<\/li>\n<li>\n<h3>El 19 de novembre seran les votacions dels representants de mares i pares d&#8217;alumnes.<\/h3>\n<\/li>\n<li>El 21 de novembre\u00a0 es\u00a0<strong>publicaran\u00a0<\/strong>els resultats de totes les votacions realitzades.<\/li>\n<li>\n<h3>El 12 de desembre\u00a0<strong>quedar\u00e0 constituit el Nou Consell Escolar.<\/strong><\/h3>\n<p>&nbsp;<\/li>\n<\/ul>\n<h2 style=\"text-align: center;\">PODEU CONSULTAR M\u00c9S INFORMACI\u00d3 AL D\u00cdPTIC QUE HEM PREPARAT PER AQUESTE ELECCIONS:<\/h2>\n<p style=\"text-align: center;\"><a href=\"https:\/\/agora.xtec.cat\/escolagaudisabadell\/wp-content\/uploads\/usu1563\/2025\/10\/Diptic-divulgacio-families-consell-escolar.pdf\" target=\"_blank\" rel=\"noopener\"><img loading=\"lazy\" decoding=\"async\" class=\"alignnone size-full wp-image-8157\" src=\"https:\/\/agora.xtec.cat\/escolagaudisabadell\/wp-content\/uploads\/usu1563\/2025\/10\/Mosaic-eleccions.jpg\" alt=\"\" width=\"607\" height=\"342\" srcset=\"https:\/\/agora.xtec.cat\/escolagaudisabadell\/wp-content\/uploads\/usu1563\/2025\/10\/Mosaic-eleccions.jpg 607w, https:\/\/agora.xtec.cat\/escolagaudisabadell\/wp-content\/uploads\/usu1563\/2025\/10\/Mosaic-eleccions-300x169.jpg 300w\" sizes=\"auto, (max-width: 607px) 100vw, 607px\" \/><\/a><\/p>\n<p>&nbsp;<\/p>\n","protected":false},"excerpt":{"rendered":"<p>\u00a0 \u00a0 \u00a0 \u00a0 \u00a0 \u00a0 \u00a0 \u00a0 \u00a0 \u00a0 \u00a0 \u00a0 \u00a0 \u00a0 \u00a0 \u00a0 \u00a0 \u00a0 \u00a0 <\/p>\n<ul>\n<li>Del 28 d&#8217;octubre al 6 de novembre, les fam\u00edlies heu de venir a revisar el cens electoral i comprobar que hi sou inscrits i que les&hellip;  <a href=\"https:\/\/agora.xtec.cat\/escolagaudisabadell\/general\/eleccions-pel-consell-escolar-dimecres-19-novembre-2025\/\" title=\"Read Eleccions pel Consell Escolar: dimecres 19 Novembre 2025\">Llegeix m\u00e9s\u00bb<\/a><br \/>\n","protected":false},"author":1,"featured_media":8145,"comment_status":"closed","ping_status":"closed","sticky":false,"template":"","format":"standard","meta":{"_bbp_topic_count":0,"_bbp_reply_count":0,"_bbp_total_topic_count":0,"_bbp_total_reply_count":0,"_bbp_voice_count":0,"_bbp_anonymous_reply_count":0,"_bbp_topic_count_hidden":0,"_bbp_reply_count_hidden":0,"_bbp_forum_subforum_count":0,"footnotes":""},"categories":[1,4],"tags":[],"class_list":["post-8146","post","type-post","status-publish","format-standard","has-post-thumbnail","hentry","category-general","category-portada"],"post_mailing_queue_ids":[],"_links":{"self":[{"href":"https:\/\/agora.xtec.cat\/escolagaudisabadell\/wp-json\/wp\/v2\/posts\/8146","targetHints":{"allow":["GET"]}}],"collection":[{"href":"https:\/\/agora.xtec.cat\/escolagaudisabadell\/wp-json\/wp\/v2\/posts"}],"about":[{"href":"https:\/\/agora.xtec.cat\/escolagaudisabadell\/wp-json\/wp\/v2\/types\/post"}],"author":[{"embeddable":true,"href":"https:\/\/agora.xtec.cat\/escolagaudisabadell\/wp-json\/wp\/v2\/users\/1"}],"replies":[{"embeddable":true,"href":"https:\/\/agora.xtec.cat\/escolagaudisabadell\/wp-json\/wp\/v2\/comments?post=8146"}],"version-history":[{"count":2,"href":"https:\/\/agora.xtec.cat\/escolagaudisabadell\/wp-json\/wp\/v2\/posts\/8146\/revisions"}],"predecessor-version":[{"id":8222,"href":"https:\/\/agora.xtec.cat\/escolagaudisabadell\/wp-json\/wp\/v2\/posts\/8146\/revisions\/8222"}],"wp:featuredmedia":[{"embeddable":true,"href":"https:\/\/agora.xtec.cat\/escolagaudisabadell\/wp-json\/wp\/v2\/media\/8145"}],"wp:attachment":[{"href":"https:\/\/agora.xtec.cat\/escolagaudisabadell\/wp-json\/wp\/v2\/media?parent=8146"}],"wp:term":[{"taxonomy":"category","embeddable":true,"href":"https:\/\/agora.xtec.cat\/escolagaudisabadell\/wp-json\/wp\/v2\/categories?post=8146"},{"taxonomy":"post_tag","embeddable":true,"href":"https:\/\/agora.xtec.cat\/escolagaudisabadell\/wp-json\/wp\/v2\/tags?post=8146"}],"curies":[{"name":"wp","href":"https:\/\/api.w.org\/{rel}","templated":true}]}}