{"id":8059,"date":"2025-05-22T10:52:34","date_gmt":"2025-05-22T08:52:34","guid":{"rendered":"https:\/\/agora.xtec.cat\/escolagaudisabadell\/?p=8059"},"modified":"2025-05-26T13:06:17","modified_gmt":"2025-05-26T11:06:17","slug":"i3-visita-al-zoo-22-05-25","status":"publish","type":"post","link":"https:\/\/agora.xtec.cat\/escolagaudisabadell\/general\/i3-visita-al-zoo-22-05-25\/","title":{"rendered":"EINF Visita al Zoo 22 05 25"},"content":{"rendered":"<p style=\"text-align: center;\"><a href=\"https:\/\/photos.app.goo.gl\/xkVXiRe4kQqt25BH6\" target=\"_blank\" rel=\"noopener\"><img loading=\"lazy\" decoding=\"async\" class=\"alignnone size-large wp-image-8060\" src=\"https:\/\/agora.xtec.cat\/escolagaudisabadell\/wp-content\/uploads\/usu1563\/2025\/05\/1portada-1024x275.png\" alt=\"\" width=\"1024\" height=\"275\" srcset=\"https:\/\/agora.xtec.cat\/escolagaudisabadell\/wp-content\/uploads\/usu1563\/2025\/05\/1portada-1024x275.png 1024w, https:\/\/agora.xtec.cat\/escolagaudisabadell\/wp-content\/uploads\/usu1563\/2025\/05\/1portada-300x81.png 300w, https:\/\/agora.xtec.cat\/escolagaudisabadell\/wp-content\/uploads\/usu1563\/2025\/05\/1portada-768x207.png 768w, https:\/\/agora.xtec.cat\/escolagaudisabadell\/wp-content\/uploads\/usu1563\/2025\/05\/1portada-1536x413.png 1536w, https:\/\/agora.xtec.cat\/escolagaudisabadell\/wp-content\/uploads\/usu1563\/2025\/05\/1portada.png 1651w\" sizes=\"auto, (max-width: 1024px) 100vw, 1024px\" \/><\/a><\/p>\n<p style=\"text-align: center;\">El dia va comen\u00e7ar una mica gris, fins i tot ens va ploure un &#8220;chiri-miri&#8221; que ens va refrescar. Per\u00f2 despr\u00e9s va sortir el sol radiant i vam poder veure moooolts animals ben bonics, que nom\u00e9s hav\u00edem vist a la televisi\u00f3 o al cinema.<\/p>\n","protected":false},"excerpt":{"rendered":"<p><a href=\"https:\/\/photos.app.goo.gl\/xkVXiRe4kQqt25BH6\" target=\"_blank\" rel=\"noopener\"><\/a><br \/>\nEl dia va comen\u00e7ar una mica gris, fins i tot ens va ploure un &#8220;chiri-miri&#8221; que ens va refrescar. Per\u00f2 despr\u00e9s va sortir el sol radiant i vam poder veure moooolts animals ben bonics, que nom\u00e9s hav\u00edem vist a la televisi\u00f3 o&hellip;  <a href=\"https:\/\/agora.xtec.cat\/escolagaudisabadell\/general\/i3-visita-al-zoo-22-05-25\/\" title=\"Read EINF Visita al Zoo 22 05 25\">Llegeix m\u00e9s\u00bb<\/a><\/p>\n","protected":false},"author":1,"featured_media":8060,"comment_status":"closed","ping_status":"closed","sticky":false,"template":"","format":"standard","meta":{"_bbp_topic_count":0,"_bbp_reply_count":0,"_bbp_total_topic_count":0,"_bbp_total_reply_count":0,"_bbp_voice_count":0,"_bbp_anonymous_reply_count":0,"_bbp_topic_count_hidden":0,"_bbp_reply_count_hidden":0,"_bbp_forum_subforum_count":0,"footnotes":""},"categories":[71,1,2,82,3,8,9,4],"tags":[],"class_list":["post-8059","post","type-post","status-publish","format-standard","has-post-thumbnail","hentry","category-fotosdescola","category-general","category-infantil","category-fotos-menjador","category-p3","category-p4","category-p5","category-portada"],"post_mailing_queue_ids":[],"_links":{"self":[{"href":"https:\/\/agora.xtec.cat\/escolagaudisabadell\/wp-json\/wp\/v2\/posts\/8059","targetHints":{"allow":["GET"]}}],"collection":[{"href":"https:\/\/agora.xtec.cat\/escolagaudisabadell\/wp-json\/wp\/v2\/posts"}],"about":[{"href":"https:\/\/agora.xtec.cat\/escolagaudisabadell\/wp-json\/wp\/v2\/types\/post"}],"author":[{"embeddable":true,"href":"https:\/\/agora.xtec.cat\/escolagaudisabadell\/wp-json\/wp\/v2\/users\/1"}],"replies":[{"embeddable":true,"href":"https:\/\/agora.xtec.cat\/escolagaudisabadell\/wp-json\/wp\/v2\/comments?post=8059"}],"version-history":[{"count":2,"href":"https:\/\/agora.xtec.cat\/escolagaudisabadell\/wp-json\/wp\/v2\/posts\/8059\/revisions"}],"predecessor-version":[{"id":8063,"href":"https:\/\/agora.xtec.cat\/escolagaudisabadell\/wp-json\/wp\/v2\/posts\/8059\/revisions\/8063"}],"wp:featuredmedia":[{"embeddable":true,"href":"https:\/\/agora.xtec.cat\/escolagaudisabadell\/wp-json\/wp\/v2\/media\/8060"}],"wp:attachment":[{"href":"https:\/\/agora.xtec.cat\/escolagaudisabadell\/wp-json\/wp\/v2\/media?parent=8059"}],"wp:term":[{"taxonomy":"category","embeddable":true,"href":"https:\/\/agora.xtec.cat\/escolagaudisabadell\/wp-json\/wp\/v2\/categories?post=8059"},{"taxonomy":"post_tag","embeddable":true,"href":"https:\/\/agora.xtec.cat\/escolagaudisabadell\/wp-json\/wp\/v2\/tags?post=8059"}],"curies":[{"name":"wp","href":"https:\/\/api.w.org\/{rel}","templated":true}]}}