{"id":8013,"date":"2025-05-07T13:49:24","date_gmt":"2025-05-07T11:49:24","guid":{"rendered":"https:\/\/agora.xtec.cat\/escolagaudisabadell\/?p=8013"},"modified":"2025-05-27T10:28:40","modified_gmt":"2025-05-27T08:28:40","slug":"menjador-gimcana-cooperacio-07-05-25","status":"publish","type":"post","link":"https:\/\/agora.xtec.cat\/escolagaudisabadell\/general\/menjador-gimcana-cooperacio-07-05-25\/","title":{"rendered":"Menjador Gimcana cooperaci\u00f3 07 05 25"},"content":{"rendered":"<p style=\"text-align: center;\"><a href=\"https:\/\/photos.app.goo.gl\/GSxQz89tFv1VR1Vp9\" target=\"_blank\" rel=\"noopener\"><img loading=\"lazy\" decoding=\"async\" class=\"alignnone size-full wp-image-8014\" src=\"https:\/\/agora.xtec.cat\/escolagaudisabadell\/wp-content\/uploads\/usu1563\/2025\/05\/Portada.jpg\" alt=\"\" width=\"404\" height=\"358\" srcset=\"https:\/\/agora.xtec.cat\/escolagaudisabadell\/wp-content\/uploads\/usu1563\/2025\/05\/Portada.jpg 404w, https:\/\/agora.xtec.cat\/escolagaudisabadell\/wp-content\/uploads\/usu1563\/2025\/05\/Portada-300x266.jpg 300w\" sizes=\"auto, (max-width: 404px) 100vw, 404px\" \/><\/a><\/p>\n<p style=\"text-align: center;\">Jugant en cooperaci\u00f3 hem vist ho important que \u00e9s ajudar-nos uns als altres:<\/p>\n<p style=\"text-align: center;\">&#8220;Sol,es pot arribar m\u00e9s r\u00e0pid, per\u00f2 acompanyat, es pot arribar m\u00e9s lluny&#8221;<br \/>\n<span class=\"BxUVEf ILfuVd\" lang=\"es\"><span class=\"hgKElc\">Proverbio africano\u00bb de <b>Pagarelov Redbubble.<\/b><\/span><\/span><\/p>\n","protected":false},"excerpt":{"rendered":"<p><a href=\"https:\/\/photos.app.goo.gl\/GSxQz89tFv1VR1Vp9\" target=\"_blank\" rel=\"noopener\"><\/a><br \/>\nJugant en cooperaci\u00f3 hem vist ho important que \u00e9s ajudar-nos uns als altres:<br \/>\n&#8220;Sol,es pot arribar m\u00e9s r\u00e0pid, per\u00f2 acompanyat, es pot arribar m\u00e9s lluny&#8221;<br \/>\nProverbio africano\u00bb de Pagarelov Redbubble.<\/p>\n","protected":false},"author":1,"featured_media":8014,"comment_status":"closed","ping_status":"closed","sticky":false,"template":"","format":"standard","meta":{"_bbp_topic_count":0,"_bbp_reply_count":0,"_bbp_total_topic_count":0,"_bbp_total_reply_count":0,"_bbp_voice_count":0,"_bbp_anonymous_reply_count":0,"_bbp_topic_count_hidden":0,"_bbp_reply_count_hidden":0,"_bbp_forum_subforum_count":0,"footnotes":""},"categories":[71,1,82,4],"tags":[],"class_list":["post-8013","post","type-post","status-publish","format-standard","has-post-thumbnail","hentry","category-fotosdescola","category-general","category-fotos-menjador","category-portada"],"post_mailing_queue_ids":[],"_links":{"self":[{"href":"https:\/\/agora.xtec.cat\/escolagaudisabadell\/wp-json\/wp\/v2\/posts\/8013","targetHints":{"allow":["GET"]}}],"collection":[{"href":"https:\/\/agora.xtec.cat\/escolagaudisabadell\/wp-json\/wp\/v2\/posts"}],"about":[{"href":"https:\/\/agora.xtec.cat\/escolagaudisabadell\/wp-json\/wp\/v2\/types\/post"}],"author":[{"embeddable":true,"href":"https:\/\/agora.xtec.cat\/escolagaudisabadell\/wp-json\/wp\/v2\/users\/1"}],"replies":[{"embeddable":true,"href":"https:\/\/agora.xtec.cat\/escolagaudisabadell\/wp-json\/wp\/v2\/comments?post=8013"}],"version-history":[{"count":2,"href":"https:\/\/agora.xtec.cat\/escolagaudisabadell\/wp-json\/wp\/v2\/posts\/8013\/revisions"}],"predecessor-version":[{"id":8083,"href":"https:\/\/agora.xtec.cat\/escolagaudisabadell\/wp-json\/wp\/v2\/posts\/8013\/revisions\/8083"}],"wp:featuredmedia":[{"embeddable":true,"href":"https:\/\/agora.xtec.cat\/escolagaudisabadell\/wp-json\/wp\/v2\/media\/8014"}],"wp:attachment":[{"href":"https:\/\/agora.xtec.cat\/escolagaudisabadell\/wp-json\/wp\/v2\/media?parent=8013"}],"wp:term":[{"taxonomy":"category","embeddable":true,"href":"https:\/\/agora.xtec.cat\/escolagaudisabadell\/wp-json\/wp\/v2\/categories?post=8013"},{"taxonomy":"post_tag","embeddable":true,"href":"https:\/\/agora.xtec.cat\/escolagaudisabadell\/wp-json\/wp\/v2\/tags?post=8013"}],"curies":[{"name":"wp","href":"https:\/\/api.w.org\/{rel}","templated":true}]}}