{"id":7921,"date":"2025-03-13T12:36:58","date_gmt":"2025-03-13T11:36:58","guid":{"rendered":"https:\/\/agora.xtec.cat\/escolagaudisabadell\/?p=7921"},"modified":"2025-03-13T12:36:58","modified_gmt":"2025-03-13T11:36:58","slug":"2n-fem-un-bust-de-fang-20-01-25","status":"publish","type":"post","link":"https:\/\/agora.xtec.cat\/escolagaudisabadell\/general\/2n-fem-un-bust-de-fang-20-01-25\/","title":{"rendered":"2n Fem un bust de fang 20 01 25"},"content":{"rendered":"<p>El passat 20 de gener vam anar a l&#8217;Acad\u00e8mia de Belles Arts. All\u00e0 ens van explicar com fer un bust de fang. Vam aprendre que el m\u00e9s important \u00e9s la paci\u00e8ncia, la concentraci\u00f3 i les ganes de fer-ho b\u00e9. Vam tenir una sorpresa abans de comen\u00e7ar perqu\u00e8 ens vam trobar amb la Leti. Quina il\u00b7lusi\u00f3!!! I despr\u00e9s vam anar a esmorzar a una pla\u00e7a propera. Va ser un mat\u00ed molt especial!<\/p>\n<p class=\"hide-if-no-js\" style=\"text-align: center\"><a id=\"set-post-thumbnail\" class=\"thickbox\" href=\"https:\/\/photos.app.goo.gl\/Y7MUKGLNo6rMUeXc7\" aria-describedby=\"set-post-thumbnail-desc\"><img loading=\"lazy\" decoding=\"async\" class=\"attachment-266x266 alignnone\" src=\"https:\/\/agora.xtec.cat\/escolagaudisabadell\/wp-content\/uploads\/usu1563\/2025\/03\/IMG_20250120_101348-scaled.jpg\" alt=\"\" width=\"266\" height=\"120\" \/><\/a><\/p>\n","protected":false},"excerpt":{"rendered":"<p>El passat 20 de gener vam anar a l&#8217;Acad\u00e8mia de Belles Arts. All\u00e0 ens van explicar com fer un bust de fang. Vam aprendre que el m\u00e9s important \u00e9s la paci\u00e8ncia, la concentraci\u00f3 i les ganes de fer-ho b\u00e9. Vam tenir una sorpresa abans de&hellip;  <a href=\"https:\/\/agora.xtec.cat\/escolagaudisabadell\/general\/2n-fem-un-bust-de-fang-20-01-25\/\" title=\"Read 2n Fem un bust de fang 20 01 25\">Llegeix m\u00e9s\u00bb<\/a><\/p>\n","protected":false},"author":3,"featured_media":7922,"comment_status":"closed","ping_status":"closed","sticky":false,"template":"","format":"standard","meta":{"_bbp_topic_count":0,"_bbp_reply_count":0,"_bbp_total_topic_count":0,"_bbp_total_reply_count":0,"_bbp_voice_count":0,"_bbp_anonymous_reply_count":0,"_bbp_topic_count_hidden":0,"_bbp_reply_count_hidden":0,"_bbp_forum_subforum_count":0,"footnotes":""},"categories":[11,71,1,4],"tags":[],"class_list":["post-7921","post","type-post","status-publish","format-standard","has-post-thumbnail","hentry","category-2n","category-fotosdescola","category-general","category-portada"],"post_mailing_queue_ids":[],"_links":{"self":[{"href":"https:\/\/agora.xtec.cat\/escolagaudisabadell\/wp-json\/wp\/v2\/posts\/7921","targetHints":{"allow":["GET"]}}],"collection":[{"href":"https:\/\/agora.xtec.cat\/escolagaudisabadell\/wp-json\/wp\/v2\/posts"}],"about":[{"href":"https:\/\/agora.xtec.cat\/escolagaudisabadell\/wp-json\/wp\/v2\/types\/post"}],"author":[{"embeddable":true,"href":"https:\/\/agora.xtec.cat\/escolagaudisabadell\/wp-json\/wp\/v2\/users\/3"}],"replies":[{"embeddable":true,"href":"https:\/\/agora.xtec.cat\/escolagaudisabadell\/wp-json\/wp\/v2\/comments?post=7921"}],"version-history":[{"count":1,"href":"https:\/\/agora.xtec.cat\/escolagaudisabadell\/wp-json\/wp\/v2\/posts\/7921\/revisions"}],"predecessor-version":[{"id":7923,"href":"https:\/\/agora.xtec.cat\/escolagaudisabadell\/wp-json\/wp\/v2\/posts\/7921\/revisions\/7923"}],"wp:featuredmedia":[{"embeddable":true,"href":"https:\/\/agora.xtec.cat\/escolagaudisabadell\/wp-json\/wp\/v2\/media\/7922"}],"wp:attachment":[{"href":"https:\/\/agora.xtec.cat\/escolagaudisabadell\/wp-json\/wp\/v2\/media?parent=7921"}],"wp:term":[{"taxonomy":"category","embeddable":true,"href":"https:\/\/agora.xtec.cat\/escolagaudisabadell\/wp-json\/wp\/v2\/categories?post=7921"},{"taxonomy":"post_tag","embeddable":true,"href":"https:\/\/agora.xtec.cat\/escolagaudisabadell\/wp-json\/wp\/v2\/tags?post=7921"}],"curies":[{"name":"wp","href":"https:\/\/api.w.org\/{rel}","templated":true}]}}