{"id":7915,"date":"2025-03-13T12:17:56","date_gmt":"2025-03-13T11:17:56","guid":{"rendered":"https:\/\/agora.xtec.cat\/escolagaudisabadell\/?p=7915"},"modified":"2025-03-13T12:19:24","modified_gmt":"2025-03-13T11:19:24","slug":"2n-setmana-de-carnaval-febrer-25","status":"publish","type":"post","link":"https:\/\/agora.xtec.cat\/escolagaudisabadell\/general\/2n-setmana-de-carnaval-febrer-25\/","title":{"rendered":"2n Setmana de carnaval febrer 25"},"content":{"rendered":"<p>Com cada any, la setmana de carnaval \u00e9s una setmana de disbauxa i diversi\u00f3. Ens ho vam passar molt b\u00e9!<\/p>\n<p class=\"hide-if-no-js\" style=\"text-align: center\"><a id=\"set-post-thumbnail\" class=\"thickbox\" href=\"https:\/\/photos.app.goo.gl\/YaL7cxdPswWRtUq67\" aria-describedby=\"set-post-thumbnail-desc\"><img loading=\"lazy\" decoding=\"async\" class=\"attachment-266x266 alignnone\" src=\"https:\/\/agora.xtec.cat\/escolagaudisabadell\/wp-content\/uploads\/usu1563\/2025\/03\/IMG_20250225_091717-scaled.jpg\" alt=\"\" width=\"266\" height=\"120\" \/><\/a><\/p>\n","protected":false},"excerpt":{"rendered":"<p>Com cada any, la setmana de carnaval \u00e9s una setmana de disbauxa i diversi\u00f3. Ens ho vam passar molt b\u00e9!<br \/>\n<a id=\"set-post-thumbnail\" class=\"thickbox\" href=\"https:\/\/photos.app.goo.gl\/YaL7cxdPswWRtUq67\" aria-describedby=\"set-post-thumbnail-desc\"><\/a><\/p>\n","protected":false},"author":3,"featured_media":7916,"comment_status":"closed","ping_status":"closed","sticky":false,"template":"","format":"standard","meta":{"_bbp_topic_count":0,"_bbp_reply_count":0,"_bbp_total_topic_count":0,"_bbp_total_reply_count":0,"_bbp_voice_count":0,"_bbp_anonymous_reply_count":0,"_bbp_topic_count_hidden":0,"_bbp_reply_count_hidden":0,"_bbp_forum_subforum_count":0,"footnotes":""},"categories":[11,71,1,4],"tags":[],"class_list":["post-7915","post","type-post","status-publish","format-standard","has-post-thumbnail","hentry","category-2n","category-fotosdescola","category-general","category-portada"],"post_mailing_queue_ids":[],"_links":{"self":[{"href":"https:\/\/agora.xtec.cat\/escolagaudisabadell\/wp-json\/wp\/v2\/posts\/7915","targetHints":{"allow":["GET"]}}],"collection":[{"href":"https:\/\/agora.xtec.cat\/escolagaudisabadell\/wp-json\/wp\/v2\/posts"}],"about":[{"href":"https:\/\/agora.xtec.cat\/escolagaudisabadell\/wp-json\/wp\/v2\/types\/post"}],"author":[{"embeddable":true,"href":"https:\/\/agora.xtec.cat\/escolagaudisabadell\/wp-json\/wp\/v2\/users\/3"}],"replies":[{"embeddable":true,"href":"https:\/\/agora.xtec.cat\/escolagaudisabadell\/wp-json\/wp\/v2\/comments?post=7915"}],"version-history":[{"count":1,"href":"https:\/\/agora.xtec.cat\/escolagaudisabadell\/wp-json\/wp\/v2\/posts\/7915\/revisions"}],"predecessor-version":[{"id":7917,"href":"https:\/\/agora.xtec.cat\/escolagaudisabadell\/wp-json\/wp\/v2\/posts\/7915\/revisions\/7917"}],"wp:featuredmedia":[{"embeddable":true,"href":"https:\/\/agora.xtec.cat\/escolagaudisabadell\/wp-json\/wp\/v2\/media\/7916"}],"wp:attachment":[{"href":"https:\/\/agora.xtec.cat\/escolagaudisabadell\/wp-json\/wp\/v2\/media?parent=7915"}],"wp:term":[{"taxonomy":"category","embeddable":true,"href":"https:\/\/agora.xtec.cat\/escolagaudisabadell\/wp-json\/wp\/v2\/categories?post=7915"},{"taxonomy":"post_tag","embeddable":true,"href":"https:\/\/agora.xtec.cat\/escolagaudisabadell\/wp-json\/wp\/v2\/tags?post=7915"}],"curies":[{"name":"wp","href":"https:\/\/api.w.org\/{rel}","templated":true}]}}