{"id":7885,"date":"2025-02-28T17:36:54","date_gmt":"2025-02-28T16:36:54","guid":{"rendered":"https:\/\/agora.xtec.cat\/escolagaudisabadell\/?p=7885"},"modified":"2025-03-04T14:49:37","modified_gmt":"2025-03-04T13:49:37","slug":"carnaval-a-lescola-gaudi-28-02-2025","status":"publish","type":"post","link":"https:\/\/agora.xtec.cat\/escolagaudisabadell\/general\/carnaval-a-lescola-gaudi-28-02-2025\/","title":{"rendered":"Carnaval a l&#8217;Escola Gaud\u00ed 28 02 2025"},"content":{"rendered":"<p style=\"text-align: center;\"><a href=\"https:\/\/photos.app.goo.gl\/vQ8voEeNmGjkaGa39\" target=\"_blank\" rel=\"noopener\"><img loading=\"lazy\" decoding=\"async\" class=\"alignnone size-full wp-image-7886\" src=\"https:\/\/agora.xtec.cat\/escolagaudisabadell\/wp-content\/uploads\/usu1563\/2025\/02\/Portada-bona.jpg\" alt=\"\" width=\"686\" height=\"580\" srcset=\"https:\/\/agora.xtec.cat\/escolagaudisabadell\/wp-content\/uploads\/usu1563\/2025\/02\/Portada-bona.jpg 686w, https:\/\/agora.xtec.cat\/escolagaudisabadell\/wp-content\/uploads\/usu1563\/2025\/02\/Portada-bona-300x254.jpg 300w\" sizes=\"auto, (max-width: 686px) 100vw, 686px\" \/><\/a><\/p>\n<p style=\"text-align: center;\">Com cada any, el carnaval \u00e9s una festa que ens encanta, per qu\u00e8 ens podem disfressar d&#8217;all\u00f2 que volguem i podem cantar, ballar, ser creatius i compartir moments divertits amb els amics, amb els i les profes i amb la fam\u00edlia.<\/p>\n<p style=\"text-align: center;\">Hem &#8220;gaudit&#8221; moooooooolt!!!!<\/p>\n<p style=\"text-align: center;\">\n","protected":false},"excerpt":{"rendered":"<p><a href=\"https:\/\/photos.app.goo.gl\/vQ8voEeNmGjkaGa39\" target=\"_blank\" rel=\"noopener\"><\/a><br \/>\nCom cada any, el carnaval \u00e9s una festa que ens encanta, per qu\u00e8 ens podem disfressar d&#8217;all\u00f2 que volguem i podem cantar, ballar, ser creatius i compartir moments divertits amb els amics, amb els i les profes i amb la fam\u00edlia.<br \/>\nHem &#8220;gaudit&#8221;&hellip;  <a href=\"https:\/\/agora.xtec.cat\/escolagaudisabadell\/general\/carnaval-a-lescola-gaudi-28-02-2025\/\" title=\"Read Carnaval a l&#8217;Escola Gaud\u00ed 28 02 2025\">Llegeix m\u00e9s\u00bb<\/a><\/p>\n","protected":false},"author":1,"featured_media":7886,"comment_status":"closed","ping_status":"closed","sticky":false,"template":"","format":"standard","meta":{"_bbp_topic_count":0,"_bbp_reply_count":0,"_bbp_total_topic_count":0,"_bbp_total_reply_count":0,"_bbp_voice_count":0,"_bbp_anonymous_reply_count":0,"_bbp_topic_count_hidden":0,"_bbp_reply_count_hidden":0,"_bbp_forum_subforum_count":0,"footnotes":""},"categories":[10,11,12,13,14,15,7,71,1,2,82,3,8,9,4,5],"tags":[],"class_list":["post-7885","post","type-post","status-publish","format-standard","has-post-thumbnail","hentry","category-1r","category-2n","category-3r","category-4t","category-5e","category-6e","category-ampa","category-fotosdescola","category-general","category-infantil","category-fotos-menjador","category-p3","category-p4","category-p5","category-portada","category-primaria"],"post_mailing_queue_ids":[],"_links":{"self":[{"href":"https:\/\/agora.xtec.cat\/escolagaudisabadell\/wp-json\/wp\/v2\/posts\/7885","targetHints":{"allow":["GET"]}}],"collection":[{"href":"https:\/\/agora.xtec.cat\/escolagaudisabadell\/wp-json\/wp\/v2\/posts"}],"about":[{"href":"https:\/\/agora.xtec.cat\/escolagaudisabadell\/wp-json\/wp\/v2\/types\/post"}],"author":[{"embeddable":true,"href":"https:\/\/agora.xtec.cat\/escolagaudisabadell\/wp-json\/wp\/v2\/users\/1"}],"replies":[{"embeddable":true,"href":"https:\/\/agora.xtec.cat\/escolagaudisabadell\/wp-json\/wp\/v2\/comments?post=7885"}],"version-history":[{"count":4,"href":"https:\/\/agora.xtec.cat\/escolagaudisabadell\/wp-json\/wp\/v2\/posts\/7885\/revisions"}],"predecessor-version":[{"id":7888,"href":"https:\/\/agora.xtec.cat\/escolagaudisabadell\/wp-json\/wp\/v2\/posts\/7885\/revisions\/7888"}],"wp:featuredmedia":[{"embeddable":true,"href":"https:\/\/agora.xtec.cat\/escolagaudisabadell\/wp-json\/wp\/v2\/media\/7886"}],"wp:attachment":[{"href":"https:\/\/agora.xtec.cat\/escolagaudisabadell\/wp-json\/wp\/v2\/media?parent=7885"}],"wp:term":[{"taxonomy":"category","embeddable":true,"href":"https:\/\/agora.xtec.cat\/escolagaudisabadell\/wp-json\/wp\/v2\/categories?post=7885"},{"taxonomy":"post_tag","embeddable":true,"href":"https:\/\/agora.xtec.cat\/escolagaudisabadell\/wp-json\/wp\/v2\/tags?post=7885"}],"curies":[{"name":"wp","href":"https:\/\/api.w.org\/{rel}","templated":true}]}}