{"id":7870,"date":"2025-02-28T15:21:54","date_gmt":"2025-02-28T14:21:54","guid":{"rendered":"https:\/\/agora.xtec.cat\/escolagaudisabadell\/?p=7870"},"modified":"2025-09-05T14:38:32","modified_gmt":"2025-09-05T12:38:32","slug":"preinscripcio-i-matricula-curs-2025-2026","status":"publish","type":"post","link":"https:\/\/agora.xtec.cat\/escolagaudisabadell\/general\/preinscripcio-i-matricula-curs-2025-2026\/","title":{"rendered":"PREINSCRIPCI\u00d3 I MATR\u00cdCULA CURS 2025\/2026"},"content":{"rendered":"<h1><a href=\"https:\/\/agora.xtec.cat\/escolagaudisabadell\/wp-content\/uploads\/usu1563\/2025\/02\/2025_06_16-INFORME_ASSIGNADES_INFORME_ASSIGNADES-1.pdf\">2025_06_16 INFORME_ASSIGNADES_INFORME_ASSIGNADES (1)<\/a><\/h1>\n<h1 style=\"text-align: center;\">LLISTES ALUMNES ASSIGNATS AL CENTRE<\/h1>\n<h4 style=\"text-align: center;\"><a href=\"https:\/\/agora.xtec.cat\/escolagaudisabadell\/wp-content\/uploads\/usu1563\/2025\/02\/2025_06_16-INFORME_ASSIGNADES_INFORME_ASSIGNADES-1.pdf\">2025_06_16 INFORME_ASSIGNADES_INFORME_ASSIGNADES (1)<\/a><\/h4>\n<h1 style=\"text-align: center;\">LLISTES D&#8217;ESPERA<\/h1>\n<h4 style=\"text-align: center;\"><a href=\"https:\/\/agora.xtec.cat\/escolagaudisabadell\/wp-content\/uploads\/usu1563\/2025\/02\/2025_06_16-INFORME_LLISTA_ESPERA_OME_LLISTA_ESPERA.pdf\">2025_06_16 INFORME_LLISTA_ESPERA_OME_LLISTA_ESPERA<\/a><\/h4>\n<p>&nbsp;<\/p>\n<h1 style=\"text-align: center;\">LLISTES BAREMADES (PUNTS) DEFINITIVES ORDENADES<\/h1>\n<p style=\"text-align: center;\">Aquestes llistes estan ordenades PER PUNTUACI\u00d3:<\/p>\n<p style=\"text-align: center;\"><a href=\"https:\/\/agora.xtec.cat\/escolagaudisabadell\/wp-content\/uploads\/usu1563\/2025\/02\/2025_05_09_INFORME_BAREM_DEFINITIU_BAREM.pdf\">2025_05_09_INFORME_BAREM_DEFINITIU_BAREM<\/a><\/p>\n<h1 style=\"text-align: center;\">N\u00daMERO DE DESEMPAT<\/h1>\n<h1 style=\"text-align: center;\">76261<\/h1>\n<h1 style=\"text-align: center;\">LLISTES BAREMADES (PUNTS)<\/h1>\n<p style=\"text-align: center;\">A continuaci\u00f3 teniu l&#8217;enlla\u00e7 per accedir a les llistes baremades definitives dels alumnes que han sol\u00b7licitat preinscripci\u00f3 a l&#8217;escola:<\/p>\n<p style=\"text-align: center;\"><a href=\"https:\/\/agora.xtec.cat\/escolagaudisabadell\/wp-content\/uploads\/usu1563\/2025\/02\/2025_05_05_INFORME_BAREM_RESOLTES_BAREM.pdf\">2025_05_05_INFORME_BAREM_RESOLTES_BAREM<\/a><\/p>\n<p style=\"text-align: center;\">Recordeu que les dades personals estan anonimitzades, aix\u00f2 significa que el nom i cognoms dels\/de les alumnes es presenten de la seg\u00fcent manera:<br \/>\nsi el\/la alumne\/a es diu per exemple <strong>Francesc Garcia Garcia<\/strong>, el que es veur\u00e0 ser\u00e0:\u00a0<strong>FrGaGa<\/strong><\/p>\n<p style=\"text-align: center;\"><a href=\"https:\/\/agora.xtec.cat\/escolagaudisabadell\/wp-content\/uploads\/usu1563\/2025\/02\/2025_04_24_INFORME_BAREM_PROVISIONAL.pdf\">2025_04_24_INFORME_BAREM_PROVISIONAL<\/a><\/p>\n<p>&nbsp;<\/p>\n<p style=\"text-align: center;\"><img loading=\"lazy\" decoding=\"async\" class=\"alignnone size-full wp-image-7871\" src=\"https:\/\/agora.xtec.cat\/escolagaudisabadell\/wp-content\/uploads\/usu1563\/2025\/02\/1-Preinscripcio.jpg\" alt=\"\" width=\"683\" height=\"618\" srcset=\"https:\/\/agora.xtec.cat\/escolagaudisabadell\/wp-content\/uploads\/usu1563\/2025\/02\/1-Preinscripcio.jpg 683w, https:\/\/agora.xtec.cat\/escolagaudisabadell\/wp-content\/uploads\/usu1563\/2025\/02\/1-Preinscripcio-300x271.jpg 300w\" sizes=\"auto, (max-width: 683px) 100vw, 683px\" \/><\/p>\n<p style=\"text-align: center;\"><img loading=\"lazy\" decoding=\"async\" class=\"alignnone size-full wp-image-7872\" src=\"https:\/\/agora.xtec.cat\/escolagaudisabadell\/wp-content\/uploads\/usu1563\/2025\/02\/2-Preinscripcio.jpg\" alt=\"\" width=\"682\" height=\"344\" srcset=\"https:\/\/agora.xtec.cat\/escolagaudisabadell\/wp-content\/uploads\/usu1563\/2025\/02\/2-Preinscripcio.jpg 682w, https:\/\/agora.xtec.cat\/escolagaudisabadell\/wp-content\/uploads\/usu1563\/2025\/02\/2-Preinscripcio-300x151.jpg 300w\" sizes=\"auto, (max-width: 682px) 100vw, 682px\" \/><\/p>\n<p style=\"text-align: center;\"><img loading=\"lazy\" decoding=\"async\" class=\"alignnone size-full wp-image-7873\" src=\"https:\/\/agora.xtec.cat\/escolagaudisabadell\/wp-content\/uploads\/usu1563\/2025\/02\/1-Documents-obligatoris.jpg\" alt=\"\" width=\"913\" height=\"421\" srcset=\"https:\/\/agora.xtec.cat\/escolagaudisabadell\/wp-content\/uploads\/usu1563\/2025\/02\/1-Documents-obligatoris.jpg 913w, https:\/\/agora.xtec.cat\/escolagaudisabadell\/wp-content\/uploads\/usu1563\/2025\/02\/1-Documents-obligatoris-300x138.jpg 300w, https:\/\/agora.xtec.cat\/escolagaudisabadell\/wp-content\/uploads\/usu1563\/2025\/02\/1-Documents-obligatoris-768x354.jpg 768w\" sizes=\"auto, (max-width: 913px) 100vw, 913px\" \/><\/p>\n<p style=\"text-align: center;\"><img loading=\"lazy\" decoding=\"async\" class=\"alignnone size-full wp-image-7874\" src=\"https:\/\/agora.xtec.cat\/escolagaudisabadell\/wp-content\/uploads\/usu1563\/2025\/02\/2-Documents-criteris-prioritat.jpg\" alt=\"\" width=\"910\" height=\"256\" srcset=\"https:\/\/agora.xtec.cat\/escolagaudisabadell\/wp-content\/uploads\/usu1563\/2025\/02\/2-Documents-criteris-prioritat.jpg 910w, https:\/\/agora.xtec.cat\/escolagaudisabadell\/wp-content\/uploads\/usu1563\/2025\/02\/2-Documents-criteris-prioritat-300x84.jpg 300w, https:\/\/agora.xtec.cat\/escolagaudisabadell\/wp-content\/uploads\/usu1563\/2025\/02\/2-Documents-criteris-prioritat-768x216.jpg 768w\" sizes=\"auto, (max-width: 910px) 100vw, 910px\" \/><\/p>\n<p style=\"text-align: center;\"><img loading=\"lazy\" decoding=\"async\" class=\"alignnone size-full wp-image-7875\" src=\"https:\/\/agora.xtec.cat\/escolagaudisabadell\/wp-content\/uploads\/usu1563\/2025\/02\/3-Documents-criteris-complementaris.jpg\" alt=\"\" width=\"911\" height=\"635\" srcset=\"https:\/\/agora.xtec.cat\/escolagaudisabadell\/wp-content\/uploads\/usu1563\/2025\/02\/3-Documents-criteris-complementaris.jpg 911w, https:\/\/agora.xtec.cat\/escolagaudisabadell\/wp-content\/uploads\/usu1563\/2025\/02\/3-Documents-criteris-complementaris-300x209.jpg 300w, https:\/\/agora.xtec.cat\/escolagaudisabadell\/wp-content\/uploads\/usu1563\/2025\/02\/3-Documents-criteris-complementaris-768x535.jpg 768w\" sizes=\"auto, (max-width: 911px) 100vw, 911px\" \/><\/p>\n<p style=\"text-align: center;\"><img loading=\"lazy\" decoding=\"async\" class=\"alignnone size-full wp-image-7877\" src=\"https:\/\/agora.xtec.cat\/escolagaudisabadell\/wp-content\/uploads\/usu1563\/2025\/02\/Criteris-i-Puntuacions.jpg\" alt=\"\" width=\"949\" height=\"538\" srcset=\"https:\/\/agora.xtec.cat\/escolagaudisabadell\/wp-content\/uploads\/usu1563\/2025\/02\/Criteris-i-Puntuacions.jpg 949w, https:\/\/agora.xtec.cat\/escolagaudisabadell\/wp-content\/uploads\/usu1563\/2025\/02\/Criteris-i-Puntuacions-300x170.jpg 300w, https:\/\/agora.xtec.cat\/escolagaudisabadell\/wp-content\/uploads\/usu1563\/2025\/02\/Criteris-i-Puntuacions-768x435.jpg 768w\" sizes=\"auto, (max-width: 949px) 100vw, 949px\" \/><\/p>\n<p style=\"text-align: center;\"><img loading=\"lazy\" decoding=\"async\" class=\"alignnone size-full wp-image-7878\" src=\"https:\/\/agora.xtec.cat\/escolagaudisabadell\/wp-content\/uploads\/usu1563\/2025\/02\/1-FAS.png\" alt=\"\" width=\"704\" height=\"721\" srcset=\"https:\/\/agora.xtec.cat\/escolagaudisabadell\/wp-content\/uploads\/usu1563\/2025\/02\/1-FAS.png 704w, https:\/\/agora.xtec.cat\/escolagaudisabadell\/wp-content\/uploads\/usu1563\/2025\/02\/1-FAS-293x300.png 293w\" sizes=\"auto, (max-width: 704px) 100vw, 704px\" \/><\/p>\n<p style=\"text-align: center;\"><img loading=\"lazy\" decoding=\"async\" class=\"alignnone size-full wp-image-7879\" src=\"https:\/\/agora.xtec.cat\/escolagaudisabadell\/wp-content\/uploads\/usu1563\/2025\/02\/2-FAS.png\" alt=\"\" width=\"703\" height=\"661\" srcset=\"https:\/\/agora.xtec.cat\/escolagaudisabadell\/wp-content\/uploads\/usu1563\/2025\/02\/2-FAS.png 703w, https:\/\/agora.xtec.cat\/escolagaudisabadell\/wp-content\/uploads\/usu1563\/2025\/02\/2-FAS-300x282.png 300w\" sizes=\"auto, (max-width: 703px) 100vw, 703px\" \/><\/p>\n<p style=\"text-align: center;\"><img loading=\"lazy\" decoding=\"async\" class=\"alignnone size-full wp-image-7880\" src=\"https:\/\/agora.xtec.cat\/escolagaudisabadell\/wp-content\/uploads\/usu1563\/2025\/02\/3-FAS.png\" alt=\"\" width=\"702\" height=\"612\" srcset=\"https:\/\/agora.xtec.cat\/escolagaudisabadell\/wp-content\/uploads\/usu1563\/2025\/02\/3-FAS.png 702w, https:\/\/agora.xtec.cat\/escolagaudisabadell\/wp-content\/uploads\/usu1563\/2025\/02\/3-FAS-300x262.png 300w\" sizes=\"auto, (max-width: 702px) 100vw, 702px\" \/><\/p>\n<h1 style=\"text-align: center;\"><a href=\"https:\/\/agora.xtec.cat\/escolagaudisabadell\/wp-content\/uploads\/usu1563\/2025\/02\/Diptic-families.pdf\">Diptic fam\u00edlies<\/a><\/h1>\n<p style=\"text-align: center;\">En el D\u00edptic que cont\u00e9 aquest enlla\u00e7, teniu informaci\u00f3 rellevant que us pot interessar.<\/p>\n<p>&nbsp;<\/p>\n","protected":false},"excerpt":{"rendered":"<p><a href=\"https:\/\/agora.xtec.cat\/escolagaudisabadell\/wp-content\/uploads\/usu1563\/2025\/02\/2025_06_16-INFORME_ASSIGNADES_INFORME_ASSIGNADES-1.pdf\">2025_06_16 INFORME_ASSIGNADES_INFORME_ASSIGNADES (1)<\/a><br \/>\nLLISTES ALUMNES ASSIGNATS AL CENTRE<br \/>\n<a href=\"https:\/\/agora.xtec.cat\/escolagaudisabadell\/wp-content\/uploads\/usu1563\/2025\/02\/2025_06_16-INFORME_ASSIGNADES_INFORME_ASSIGNADES-1.pdf\">2025_06_16 INFORME_ASSIGNADES_INFORME_ASSIGNADES (1)<\/a><br \/>\nLLISTES D&#8217;ESPERA<br \/>\n<a href=\"https:\/\/agora.xtec.cat\/escolagaudisabadell\/wp-content\/uploads\/usu1563\/2025\/02\/2025_06_16-INFORME_LLISTA_ESPERA_OME_LLISTA_ESPERA.pdf\">2025_06_16 INFORME_LLISTA_ESPERA_OME_LLISTA_ESPERA<\/a><br \/>\n&nbsp;<br \/>\nLLISTES BAREMADES (PUNTS) DEFINITIVES ORDENADES<br \/>\nAquestes llistes estan ordenades PER PUNTUACI\u00d3:<br \/>\n<a href=\"https:\/\/agora.xtec.cat\/escolagaudisabadell\/wp-content\/uploads\/usu1563\/2025\/02\/2025_05_09_INFORME_BAREM_DEFINITIU_BAREM.pdf\">2025_05_09_INFORME_BAREM_DEFINITIU_BAREM<\/a><br \/>\nN\u00daMERO DE DESEMPAT<br \/>\n76261<br \/>\nLLISTES BAREMADES (PUNTS)<br \/>\nA continuaci\u00f3 teniu l&#8217;enlla\u00e7 per accedir a les llistes baremades definitives dels alumnes que han sol\u00b7licitat preinscripci\u00f3 a&hellip;  <a href=\"https:\/\/agora.xtec.cat\/escolagaudisabadell\/general\/preinscripcio-i-matricula-curs-2025-2026\/\" title=\"Read PREINSCRIPCI\u00d3 I MATR\u00cdCULA CURS 2025\/2026\">Llegeix m\u00e9s\u00bb<\/a><\/p>\n","protected":false},"author":1,"featured_media":7871,"comment_status":"closed","ping_status":"closed","sticky":false,"template":"","format":"standard","meta":{"_bbp_topic_count":0,"_bbp_reply_count":0,"_bbp_total_topic_count":0,"_bbp_total_reply_count":0,"_bbp_voice_count":0,"_bbp_anonymous_reply_count":0,"_bbp_topic_count_hidden":0,"_bbp_reply_count_hidden":0,"_bbp_forum_subforum_count":0,"footnotes":""},"categories":[7,1,4],"tags":[],"class_list":["post-7870","post","type-post","status-publish","format-standard","has-post-thumbnail","hentry","category-ampa","category-general","category-portada"],"post_mailing_queue_ids":[],"_links":{"self":[{"href":"https:\/\/agora.xtec.cat\/escolagaudisabadell\/wp-json\/wp\/v2\/posts\/7870","targetHints":{"allow":["GET"]}}],"collection":[{"href":"https:\/\/agora.xtec.cat\/escolagaudisabadell\/wp-json\/wp\/v2\/posts"}],"about":[{"href":"https:\/\/agora.xtec.cat\/escolagaudisabadell\/wp-json\/wp\/v2\/types\/post"}],"author":[{"embeddable":true,"href":"https:\/\/agora.xtec.cat\/escolagaudisabadell\/wp-json\/wp\/v2\/users\/1"}],"replies":[{"embeddable":true,"href":"https:\/\/agora.xtec.cat\/escolagaudisabadell\/wp-json\/wp\/v2\/comments?post=7870"}],"version-history":[{"count":6,"href":"https:\/\/agora.xtec.cat\/escolagaudisabadell\/wp-json\/wp\/v2\/posts\/7870\/revisions"}],"predecessor-version":[{"id":8129,"href":"https:\/\/agora.xtec.cat\/escolagaudisabadell\/wp-json\/wp\/v2\/posts\/7870\/revisions\/8129"}],"wp:featuredmedia":[{"embeddable":true,"href":"https:\/\/agora.xtec.cat\/escolagaudisabadell\/wp-json\/wp\/v2\/media\/7871"}],"wp:attachment":[{"href":"https:\/\/agora.xtec.cat\/escolagaudisabadell\/wp-json\/wp\/v2\/media?parent=7870"}],"wp:term":[{"taxonomy":"category","embeddable":true,"href":"https:\/\/agora.xtec.cat\/escolagaudisabadell\/wp-json\/wp\/v2\/categories?post=7870"},{"taxonomy":"post_tag","embeddable":true,"href":"https:\/\/agora.xtec.cat\/escolagaudisabadell\/wp-json\/wp\/v2\/tags?post=7870"}],"curies":[{"name":"wp","href":"https:\/\/api.w.org\/{rel}","templated":true}]}}