{"id":7848,"date":"2025-02-04T10:48:42","date_gmt":"2025-02-04T09:48:42","guid":{"rendered":"https:\/\/agora.xtec.cat\/escolagaudisabadell\/?p=7848"},"modified":"2025-04-22T15:08:00","modified_gmt":"2025-04-22T13:08:00","slug":"jornada-de-portes-obertes-2025","status":"publish","type":"post","link":"https:\/\/agora.xtec.cat\/escolagaudisabadell\/general\/jornada-de-portes-obertes-2025\/","title":{"rendered":"Jornada de PORTES OBERTES 2025"},"content":{"rendered":"<p style=\"text-align: center;\"><img loading=\"lazy\" decoding=\"async\" class=\"alignnone size-full wp-image-7849\" src=\"https:\/\/agora.xtec.cat\/escolagaudisabadell\/wp-content\/uploads\/usu1563\/2025\/02\/2025-2026.jpg\" alt=\"\" width=\"845\" height=\"393\" srcset=\"https:\/\/agora.xtec.cat\/escolagaudisabadell\/wp-content\/uploads\/usu1563\/2025\/02\/2025-2026.jpg 845w, https:\/\/agora.xtec.cat\/escolagaudisabadell\/wp-content\/uploads\/usu1563\/2025\/02\/2025-2026-300x140.jpg 300w, https:\/\/agora.xtec.cat\/escolagaudisabadell\/wp-content\/uploads\/usu1563\/2025\/02\/2025-2026-768x357.jpg 768w\" sizes=\"auto, (max-width: 845px) 100vw, 845px\" \/><\/p>\n<p style=\"text-align: center;\">Comen\u00e7a el per\u00edode de Preinscripci\u00f3 i Matr\u00edcula per al proper curs 2025-2026.<\/p>\n<p style=\"text-align: center;\">Per comen\u00e7ar convoquem PORTES OBERTES el dijous 6 de mar\u00e7 de 2025 en horari de 15:15 a 17 h.<\/p>\n<p style=\"text-align: center;\">Al llarg d&#8217;aquesta jornada, les fam\u00edlies podeu assistir i se us mostrar\u00e0 l&#8217;escola en funcionament i despr\u00e9s es celebra una reuni\u00f3 en la qual visulitzareu un power point amb tota la informaci\u00f3 sustancial necess\u00e0ria per con\u00e8ixer els continguts pedag\u00f2gics i les activitats principals que es realitzen al centre.<\/p>\n","protected":false},"excerpt":{"rendered":"<p>Comen\u00e7a el per\u00edode de Preinscripci\u00f3 i Matr\u00edcula per al proper curs 2025-2026.<br \/>\nPer comen\u00e7ar convoquem PORTES OBERTES el dijous 6 de mar\u00e7 de 2025 en horari de 15:15 a 17 h.<br \/>\nAl llarg d&#8217;aquesta jornada, les fam\u00edlies podeu assistir i se us mostrar\u00e0 l&#8217;escola en funcionament i&hellip;  <a href=\"https:\/\/agora.xtec.cat\/escolagaudisabadell\/general\/jornada-de-portes-obertes-2025\/\" title=\"Read Jornada de PORTES OBERTES 2025\">Llegeix m\u00e9s\u00bb<\/a><\/p>\n","protected":false},"author":1,"featured_media":7849,"comment_status":"closed","ping_status":"closed","sticky":false,"template":"","format":"standard","meta":{"_bbp_topic_count":0,"_bbp_reply_count":0,"_bbp_total_topic_count":0,"_bbp_total_reply_count":0,"_bbp_voice_count":0,"_bbp_anonymous_reply_count":0,"_bbp_topic_count_hidden":0,"_bbp_reply_count_hidden":0,"_bbp_forum_subforum_count":0,"footnotes":""},"categories":[71,1,4],"tags":[],"class_list":["post-7848","post","type-post","status-publish","format-standard","has-post-thumbnail","hentry","category-fotosdescola","category-general","category-portada"],"post_mailing_queue_ids":[],"_links":{"self":[{"href":"https:\/\/agora.xtec.cat\/escolagaudisabadell\/wp-json\/wp\/v2\/posts\/7848","targetHints":{"allow":["GET"]}}],"collection":[{"href":"https:\/\/agora.xtec.cat\/escolagaudisabadell\/wp-json\/wp\/v2\/posts"}],"about":[{"href":"https:\/\/agora.xtec.cat\/escolagaudisabadell\/wp-json\/wp\/v2\/types\/post"}],"author":[{"embeddable":true,"href":"https:\/\/agora.xtec.cat\/escolagaudisabadell\/wp-json\/wp\/v2\/users\/1"}],"replies":[{"embeddable":true,"href":"https:\/\/agora.xtec.cat\/escolagaudisabadell\/wp-json\/wp\/v2\/comments?post=7848"}],"version-history":[{"count":3,"href":"https:\/\/agora.xtec.cat\/escolagaudisabadell\/wp-json\/wp\/v2\/posts\/7848\/revisions"}],"predecessor-version":[{"id":7963,"href":"https:\/\/agora.xtec.cat\/escolagaudisabadell\/wp-json\/wp\/v2\/posts\/7848\/revisions\/7963"}],"wp:featuredmedia":[{"embeddable":true,"href":"https:\/\/agora.xtec.cat\/escolagaudisabadell\/wp-json\/wp\/v2\/media\/7849"}],"wp:attachment":[{"href":"https:\/\/agora.xtec.cat\/escolagaudisabadell\/wp-json\/wp\/v2\/media?parent=7848"}],"wp:term":[{"taxonomy":"category","embeddable":true,"href":"https:\/\/agora.xtec.cat\/escolagaudisabadell\/wp-json\/wp\/v2\/categories?post=7848"},{"taxonomy":"post_tag","embeddable":true,"href":"https:\/\/agora.xtec.cat\/escolagaudisabadell\/wp-json\/wp\/v2\/tags?post=7848"}],"curies":[{"name":"wp","href":"https:\/\/api.w.org\/{rel}","templated":true}]}}