{"id":7845,"date":"2025-01-31T12:02:01","date_gmt":"2025-01-31T11:02:01","guid":{"rendered":"https:\/\/agora.xtec.cat\/escolagaudisabadell\/?p=7845"},"modified":"2025-01-31T12:02:01","modified_gmt":"2025-01-31T11:02:01","slug":"cs-manifest-per-la-pau-30-01-25","status":"publish","type":"post","link":"https:\/\/agora.xtec.cat\/escolagaudisabadell\/general\/cs-manifest-per-la-pau-30-01-25\/","title":{"rendered":"CS Manifest per la pau 30 01 25"},"content":{"rendered":"<p style=\"text-align: center;\"><a href=\"https:\/\/photos.app.goo.gl\/RYZic8QtA2Jm49wD6\" target=\"_blank\" rel=\"noopener\"><img loading=\"lazy\" decoding=\"async\" class=\"alignnone size-full wp-image-7842\" src=\"https:\/\/agora.xtec.cat\/escolagaudisabadell\/wp-content\/uploads\/usu1563\/2024\/12\/Portada-42.jpg\" alt=\"\" width=\"451\" height=\"196\" srcset=\"https:\/\/agora.xtec.cat\/escolagaudisabadell\/wp-content\/uploads\/usu1563\/2024\/12\/Portada-42.jpg 451w, https:\/\/agora.xtec.cat\/escolagaudisabadell\/wp-content\/uploads\/usu1563\/2024\/12\/Portada-42-300x130.jpg 300w\" sizes=\"auto, (max-width: 451px) 100vw, 451px\" \/><\/a><\/p>\n<p style=\"text-align: center;\" data-pm-slice=\"1 1 []\">El passat 30 de gener es celebrava el dia de la <strong>PAU<\/strong> i la <strong>NO-VIOL\u00c8NCIA<\/strong>. L&#8217;alumnat de Cicle Superior, per commemorar aquest dia tan important, hem dissenyat unes pancartes i redactat un Manifest, que despr\u00e9s hem compartit amb tota l&#8217;escola, per tal de fomentar l&#8217;Esperit Com\u00fa, envers a aquests conceptes tan necessaris\u00a0 i valuosos.<\/p>\n<p style=\"text-align: center;\">Tot el personal i tot l&#8217;alumnat de l&#8217;escola s&#8217;ha sumat al contingut d&#8217;aquesta iniciativa. En aquest enlla\u00e7, podeu llegir el <a href=\"https:\/\/agora.xtec.cat\/escolagaudisabadell\/wp-content\/uploads\/usu1563\/2024\/12\/MANIFEST-FINAL-Gener2025.pdf\">MANIFEST FINAL Gener2025<\/a>, i a dalt teniu unes imatges que mostren el nostre ESPERIT i el nostre treball.<\/p>\n<p style=\"text-align: center;\"><strong>Des de l&#8217;Escola Gaud\u00ed, MANIFESTEM, que la PAU i la NO-VIOL\u00c8NCIA imperin al M\u00f3n.<\/strong><\/p>\n","protected":false},"excerpt":{"rendered":"<p><a href=\"https:\/\/photos.app.goo.gl\/RYZic8QtA2Jm49wD6\" target=\"_blank\" rel=\"noopener\"><\/a><br \/>\nEl passat 30 de gener es celebrava el dia de la PAU i la NO-VIOL\u00c8NCIA. L&#8217;alumnat de Cicle Superior, per commemorar aquest dia tan important, hem dissenyat unes pancartes i redactat un Manifest, que despr\u00e9s hem compartit amb tota l&#8217;escola, per tal&hellip;  <a href=\"https:\/\/agora.xtec.cat\/escolagaudisabadell\/general\/cs-manifest-per-la-pau-30-01-25\/\" title=\"Read CS Manifest per la pau 30 01 25\">Llegeix m\u00e9s\u00bb<\/a><\/p>\n","protected":false},"author":1,"featured_media":7842,"comment_status":"closed","ping_status":"closed","sticky":false,"template":"","format":"standard","meta":{"_bbp_topic_count":0,"_bbp_reply_count":0,"_bbp_total_topic_count":0,"_bbp_total_reply_count":0,"_bbp_voice_count":0,"_bbp_anonymous_reply_count":0,"_bbp_topic_count_hidden":0,"_bbp_reply_count_hidden":0,"_bbp_forum_subforum_count":0,"footnotes":""},"categories":[14,15,71,1,4],"tags":[],"class_list":["post-7845","post","type-post","status-publish","format-standard","has-post-thumbnail","hentry","category-5e","category-6e","category-fotosdescola","category-general","category-portada"],"post_mailing_queue_ids":[],"_links":{"self":[{"href":"https:\/\/agora.xtec.cat\/escolagaudisabadell\/wp-json\/wp\/v2\/posts\/7845","targetHints":{"allow":["GET"]}}],"collection":[{"href":"https:\/\/agora.xtec.cat\/escolagaudisabadell\/wp-json\/wp\/v2\/posts"}],"about":[{"href":"https:\/\/agora.xtec.cat\/escolagaudisabadell\/wp-json\/wp\/v2\/types\/post"}],"author":[{"embeddable":true,"href":"https:\/\/agora.xtec.cat\/escolagaudisabadell\/wp-json\/wp\/v2\/users\/1"}],"replies":[{"embeddable":true,"href":"https:\/\/agora.xtec.cat\/escolagaudisabadell\/wp-json\/wp\/v2\/comments?post=7845"}],"version-history":[{"count":1,"href":"https:\/\/agora.xtec.cat\/escolagaudisabadell\/wp-json\/wp\/v2\/posts\/7845\/revisions"}],"predecessor-version":[{"id":7846,"href":"https:\/\/agora.xtec.cat\/escolagaudisabadell\/wp-json\/wp\/v2\/posts\/7845\/revisions\/7846"}],"wp:featuredmedia":[{"embeddable":true,"href":"https:\/\/agora.xtec.cat\/escolagaudisabadell\/wp-json\/wp\/v2\/media\/7842"}],"wp:attachment":[{"href":"https:\/\/agora.xtec.cat\/escolagaudisabadell\/wp-json\/wp\/v2\/media?parent=7845"}],"wp:term":[{"taxonomy":"category","embeddable":true,"href":"https:\/\/agora.xtec.cat\/escolagaudisabadell\/wp-json\/wp\/v2\/categories?post=7845"},{"taxonomy":"post_tag","embeddable":true,"href":"https:\/\/agora.xtec.cat\/escolagaudisabadell\/wp-json\/wp\/v2\/tags?post=7845"}],"curies":[{"name":"wp","href":"https:\/\/api.w.org\/{rel}","templated":true}]}}