{"id":7638,"date":"2024-10-10T13:32:40","date_gmt":"2024-10-10T11:32:40","guid":{"rendered":"https:\/\/agora.xtec.cat\/escolagaudisabadell\/?p=7638"},"modified":"2024-12-16T15:11:04","modified_gmt":"2024-12-16T14:11:04","slug":"i5-biblioteca-del-nord-10-10-24","status":"publish","type":"post","link":"https:\/\/agora.xtec.cat\/escolagaudisabadell\/general\/i5-biblioteca-del-nord-10-10-24\/","title":{"rendered":"I5 Biblioteca del Nord 10 10 24"},"content":{"rendered":"<p style=\"text-align: center;\"><a href=\"https:\/\/photos.app.goo.gl\/XaUd3W3ZPgJNk1vNA\" target=\"_blank\" rel=\"noopener\"><img loading=\"lazy\" decoding=\"async\" class=\"alignnone size-full wp-image-7639\" src=\"https:\/\/agora.xtec.cat\/escolagaudisabadell\/wp-content\/uploads\/usu1563\/2024\/12\/Portada-8.jpg\" alt=\"\" width=\"820\" height=\"347\" srcset=\"https:\/\/agora.xtec.cat\/escolagaudisabadell\/wp-content\/uploads\/usu1563\/2024\/12\/Portada-8.jpg 820w, https:\/\/agora.xtec.cat\/escolagaudisabadell\/wp-content\/uploads\/usu1563\/2024\/12\/Portada-8-300x127.jpg 300w, https:\/\/agora.xtec.cat\/escolagaudisabadell\/wp-content\/uploads\/usu1563\/2024\/12\/Portada-8-768x325.jpg 768w\" sizes=\"auto, (max-width: 820px) 100vw, 820px\" \/><\/a><\/p>\n<p style=\"text-align: center;\">El passat 10 d\u20190ctubre, els nens i nenes de la classe d\u2019I5 ,\u201cLes Girafes\u201d, vam visitar la Biblioteca del Nord.<\/p>\n<p style=\"text-align: center;\">\u00a0La senyoreta que ens va atendre ens va explicar un conte d\u2019una girafa molt divertida i tamb\u00e9 ens va ensenyar llibres sobre girafes. Despr\u00e9s, vam poder mirar molt\u00edssims llibres i contes que hi havia per a nens i nenes de la nostra edat.<\/p>\n<p style=\"text-align: center;\">Ens ho vam passar super b\u00e9!!!<\/p>\n","protected":false},"excerpt":{"rendered":"<p><a href=\"https:\/\/photos.app.goo.gl\/XaUd3W3ZPgJNk1vNA\" target=\"_blank\" rel=\"noopener\"><\/a><br \/>\nEl passat 10 d\u20190ctubre, els nens i nenes de la classe d\u2019I5 ,\u201cLes Girafes\u201d, vam visitar la Biblioteca del Nord.<br \/>\n\u00a0La senyoreta que ens va atendre ens va explicar un conte d\u2019una girafa molt divertida i tamb\u00e9 ens va ensenyar llibres sobre girafes.&hellip;  <a href=\"https:\/\/agora.xtec.cat\/escolagaudisabadell\/general\/i5-biblioteca-del-nord-10-10-24\/\" title=\"Read I5 Biblioteca del Nord 10 10 24\">Llegeix m\u00e9s\u00bb<\/a><\/p>\n","protected":false},"author":1,"featured_media":7639,"comment_status":"closed","ping_status":"closed","sticky":false,"template":"","format":"standard","meta":{"_bbp_topic_count":0,"_bbp_reply_count":0,"_bbp_total_topic_count":0,"_bbp_total_reply_count":0,"_bbp_voice_count":0,"_bbp_anonymous_reply_count":0,"_bbp_topic_count_hidden":0,"_bbp_reply_count_hidden":0,"_bbp_forum_subforum_count":0,"footnotes":""},"categories":[71,1,9,4],"tags":[],"class_list":["post-7638","post","type-post","status-publish","format-standard","has-post-thumbnail","hentry","category-fotosdescola","category-general","category-p5","category-portada"],"post_mailing_queue_ids":[],"_links":{"self":[{"href":"https:\/\/agora.xtec.cat\/escolagaudisabadell\/wp-json\/wp\/v2\/posts\/7638","targetHints":{"allow":["GET"]}}],"collection":[{"href":"https:\/\/agora.xtec.cat\/escolagaudisabadell\/wp-json\/wp\/v2\/posts"}],"about":[{"href":"https:\/\/agora.xtec.cat\/escolagaudisabadell\/wp-json\/wp\/v2\/types\/post"}],"author":[{"embeddable":true,"href":"https:\/\/agora.xtec.cat\/escolagaudisabadell\/wp-json\/wp\/v2\/users\/1"}],"replies":[{"embeddable":true,"href":"https:\/\/agora.xtec.cat\/escolagaudisabadell\/wp-json\/wp\/v2\/comments?post=7638"}],"version-history":[{"count":2,"href":"https:\/\/agora.xtec.cat\/escolagaudisabadell\/wp-json\/wp\/v2\/posts\/7638\/revisions"}],"predecessor-version":[{"id":7660,"href":"https:\/\/agora.xtec.cat\/escolagaudisabadell\/wp-json\/wp\/v2\/posts\/7638\/revisions\/7660"}],"wp:featuredmedia":[{"embeddable":true,"href":"https:\/\/agora.xtec.cat\/escolagaudisabadell\/wp-json\/wp\/v2\/media\/7639"}],"wp:attachment":[{"href":"https:\/\/agora.xtec.cat\/escolagaudisabadell\/wp-json\/wp\/v2\/media?parent=7638"}],"wp:term":[{"taxonomy":"category","embeddable":true,"href":"https:\/\/agora.xtec.cat\/escolagaudisabadell\/wp-json\/wp\/v2\/categories?post=7638"},{"taxonomy":"post_tag","embeddable":true,"href":"https:\/\/agora.xtec.cat\/escolagaudisabadell\/wp-json\/wp\/v2\/tags?post=7638"}],"curies":[{"name":"wp","href":"https:\/\/api.w.org\/{rel}","templated":true}]}}