{"id":7634,"date":"2024-12-09T12:53:29","date_gmt":"2024-12-09T11:53:29","guid":{"rendered":"https:\/\/agora.xtec.cat\/escolagaudisabadell\/?p=7634"},"modified":"2024-12-16T15:12:05","modified_gmt":"2024-12-16T14:12:05","slug":"i4-projecte-ens-coneixem-09-12-2024","status":"publish","type":"post","link":"https:\/\/agora.xtec.cat\/escolagaudisabadell\/general\/i4-projecte-ens-coneixem-09-12-2024\/","title":{"rendered":"I4 Projecte Ens coneixem 09 12 2024"},"content":{"rendered":"<p style=\"text-align: center;\"><a href=\"https:\/\/photos.app.goo.gl\/UuyheEeUYTWTpnMcA\" target=\"_blank\" rel=\"noopener\"><img loading=\"lazy\" decoding=\"async\" class=\"alignnone size-full wp-image-7635\" src=\"https:\/\/agora.xtec.cat\/escolagaudisabadell\/wp-content\/uploads\/usu1563\/2024\/12\/Portada-7.jpg\" alt=\"\" width=\"465\" height=\"359\" srcset=\"https:\/\/agora.xtec.cat\/escolagaudisabadell\/wp-content\/uploads\/usu1563\/2024\/12\/Portada-7.jpg 465w, https:\/\/agora.xtec.cat\/escolagaudisabadell\/wp-content\/uploads\/usu1563\/2024\/12\/Portada-7-300x232.jpg 300w\" sizes=\"auto, (max-width: 465px) 100vw, 465px\" \/><\/a><\/p>\n<p style=\"text-align: center;\">Al llarg d\u2019aquest primer trimestre hem fet un petit projecte per con\u00e8ixer com som les persones. Hem conegut quines s\u00f3n les parts del nostre cos, hem vist quins trets f\u00edsics tenim en com\u00fa entre nosaltres i quins s\u00f3n diferents, coneixem la diversitat de colors carns que hi ha i veiem que les nostres pr\u00f2pies i parlem sobre les emocions que sentim les persones en diferents moments i situacions.<\/p>\n<p style=\"text-align: center;\">\n","protected":false},"excerpt":{"rendered":"<p><a href=\"https:\/\/photos.app.goo.gl\/UuyheEeUYTWTpnMcA\" target=\"_blank\" rel=\"noopener\"><\/a><br \/>\nAl llarg d\u2019aquest primer trimestre hem fet un petit projecte per con\u00e8ixer com som les persones. Hem conegut quines s\u00f3n les parts del nostre cos, hem vist quins trets f\u00edsics tenim en com\u00fa entre nosaltres i quins s\u00f3n diferents, coneixem la diversitat&hellip;  <a href=\"https:\/\/agora.xtec.cat\/escolagaudisabadell\/general\/i4-projecte-ens-coneixem-09-12-2024\/\" title=\"Read I4 Projecte Ens coneixem 09 12 2024\">Llegeix m\u00e9s\u00bb<\/a><\/p>\n","protected":false},"author":1,"featured_media":7635,"comment_status":"closed","ping_status":"closed","sticky":false,"template":"","format":"standard","meta":{"_bbp_topic_count":0,"_bbp_reply_count":0,"_bbp_total_topic_count":0,"_bbp_total_reply_count":0,"_bbp_voice_count":0,"_bbp_anonymous_reply_count":0,"_bbp_topic_count_hidden":0,"_bbp_reply_count_hidden":0,"_bbp_forum_subforum_count":0,"footnotes":""},"categories":[71,1,8,4],"tags":[],"class_list":["post-7634","post","type-post","status-publish","format-standard","has-post-thumbnail","hentry","category-fotosdescola","category-general","category-p4","category-portada"],"post_mailing_queue_ids":[],"_links":{"self":[{"href":"https:\/\/agora.xtec.cat\/escolagaudisabadell\/wp-json\/wp\/v2\/posts\/7634","targetHints":{"allow":["GET"]}}],"collection":[{"href":"https:\/\/agora.xtec.cat\/escolagaudisabadell\/wp-json\/wp\/v2\/posts"}],"about":[{"href":"https:\/\/agora.xtec.cat\/escolagaudisabadell\/wp-json\/wp\/v2\/types\/post"}],"author":[{"embeddable":true,"href":"https:\/\/agora.xtec.cat\/escolagaudisabadell\/wp-json\/wp\/v2\/users\/1"}],"replies":[{"embeddable":true,"href":"https:\/\/agora.xtec.cat\/escolagaudisabadell\/wp-json\/wp\/v2\/comments?post=7634"}],"version-history":[{"count":2,"href":"https:\/\/agora.xtec.cat\/escolagaudisabadell\/wp-json\/wp\/v2\/posts\/7634\/revisions"}],"predecessor-version":[{"id":7661,"href":"https:\/\/agora.xtec.cat\/escolagaudisabadell\/wp-json\/wp\/v2\/posts\/7634\/revisions\/7661"}],"wp:featuredmedia":[{"embeddable":true,"href":"https:\/\/agora.xtec.cat\/escolagaudisabadell\/wp-json\/wp\/v2\/media\/7635"}],"wp:attachment":[{"href":"https:\/\/agora.xtec.cat\/escolagaudisabadell\/wp-json\/wp\/v2\/media?parent=7634"}],"wp:term":[{"taxonomy":"category","embeddable":true,"href":"https:\/\/agora.xtec.cat\/escolagaudisabadell\/wp-json\/wp\/v2\/categories?post=7634"},{"taxonomy":"post_tag","embeddable":true,"href":"https:\/\/agora.xtec.cat\/escolagaudisabadell\/wp-json\/wp\/v2\/tags?post=7634"}],"curies":[{"name":"wp","href":"https:\/\/api.w.org\/{rel}","templated":true}]}}