{"id":7596,"date":"2024-11-18T15:13:15","date_gmt":"2024-11-18T14:13:15","guid":{"rendered":"https:\/\/agora.xtec.cat\/escolagaudisabadell\/?p=7596"},"modified":"2024-12-16T15:14:34","modified_gmt":"2024-12-16T14:14:34","slug":"ci-audicio-al-palau-de-la-musica-18-11-24","status":"publish","type":"post","link":"https:\/\/agora.xtec.cat\/escolagaudisabadell\/general\/ci-audicio-al-palau-de-la-musica-18-11-24\/","title":{"rendered":"CI Audici\u00f3 al Palau de la M\u00fasica 18 11 24"},"content":{"rendered":"<p class=\"hide-if-no-js\" style=\"text-align: center;\"><a id=\"set-post-thumbnail\" class=\"thickbox\" href=\"https:\/\/photos.app.goo.gl\/583EYpjtnoMbpzPA6\" aria-describedby=\"set-post-thumbnail-desc\"><img loading=\"lazy\" decoding=\"async\" class=\"attachment-266x266 size-266x266\" src=\"https:\/\/agora.xtec.cat\/escolagaudisabadell\/wp-content\/uploads\/usu1563\/2024\/12\/IMG_20241118_142835-scaled.jpg\" alt=\"\" width=\"266\" height=\"120\" \/><\/a><\/p>\n<p style=\"text-align: center;\">Els nens i nenes de Cicle Inicial vam anar al Palau de la M\u00fasica de Barcelona a escoltar l&#8217;audici\u00f3 La Cobla 2.0. Ens va agradar molt! Despr\u00e9s vam anar a sant Cugat a jugar a un parc. Vam passar molt bon dia!!!<\/p>\n","protected":false},"excerpt":{"rendered":"<p><a id=\"set-post-thumbnail\" class=\"thickbox\" href=\"https:\/\/photos.app.goo.gl\/583EYpjtnoMbpzPA6\" aria-describedby=\"set-post-thumbnail-desc\"><\/a><br \/>\nEls nens i nenes de Cicle Inicial vam anar al Palau de la M\u00fasica de Barcelona a escoltar l&#8217;audici\u00f3 La Cobla 2.0. Ens va agradar molt! Despr\u00e9s vam anar a sant Cugat a jugar a un parc. Vam passar molt bon&hellip;  <a href=\"https:\/\/agora.xtec.cat\/escolagaudisabadell\/general\/ci-audicio-al-palau-de-la-musica-18-11-24\/\" title=\"Read CI Audici\u00f3 al Palau de la M\u00fasica 18 11 24\">Llegeix m\u00e9s\u00bb<\/a><\/p>\n","protected":false},"author":3,"featured_media":7597,"comment_status":"closed","ping_status":"closed","sticky":false,"template":"","format":"standard","meta":{"_bbp_topic_count":0,"_bbp_reply_count":0,"_bbp_total_topic_count":0,"_bbp_total_reply_count":0,"_bbp_voice_count":0,"_bbp_anonymous_reply_count":0,"_bbp_topic_count_hidden":0,"_bbp_reply_count_hidden":0,"_bbp_forum_subforum_count":0,"footnotes":""},"categories":[10,11,71,1,4],"tags":[],"class_list":["post-7596","post","type-post","status-publish","format-standard","has-post-thumbnail","hentry","category-1r","category-2n","category-fotosdescola","category-general","category-portada"],"post_mailing_queue_ids":[],"_links":{"self":[{"href":"https:\/\/agora.xtec.cat\/escolagaudisabadell\/wp-json\/wp\/v2\/posts\/7596","targetHints":{"allow":["GET"]}}],"collection":[{"href":"https:\/\/agora.xtec.cat\/escolagaudisabadell\/wp-json\/wp\/v2\/posts"}],"about":[{"href":"https:\/\/agora.xtec.cat\/escolagaudisabadell\/wp-json\/wp\/v2\/types\/post"}],"author":[{"embeddable":true,"href":"https:\/\/agora.xtec.cat\/escolagaudisabadell\/wp-json\/wp\/v2\/users\/3"}],"replies":[{"embeddable":true,"href":"https:\/\/agora.xtec.cat\/escolagaudisabadell\/wp-json\/wp\/v2\/comments?post=7596"}],"version-history":[{"count":2,"href":"https:\/\/agora.xtec.cat\/escolagaudisabadell\/wp-json\/wp\/v2\/posts\/7596\/revisions"}],"predecessor-version":[{"id":7662,"href":"https:\/\/agora.xtec.cat\/escolagaudisabadell\/wp-json\/wp\/v2\/posts\/7596\/revisions\/7662"}],"wp:featuredmedia":[{"embeddable":true,"href":"https:\/\/agora.xtec.cat\/escolagaudisabadell\/wp-json\/wp\/v2\/media\/7597"}],"wp:attachment":[{"href":"https:\/\/agora.xtec.cat\/escolagaudisabadell\/wp-json\/wp\/v2\/media?parent=7596"}],"wp:term":[{"taxonomy":"category","embeddable":true,"href":"https:\/\/agora.xtec.cat\/escolagaudisabadell\/wp-json\/wp\/v2\/categories?post=7596"},{"taxonomy":"post_tag","embeddable":true,"href":"https:\/\/agora.xtec.cat\/escolagaudisabadell\/wp-json\/wp\/v2\/tags?post=7596"}],"curies":[{"name":"wp","href":"https:\/\/api.w.org\/{rel}","templated":true}]}}