{"id":7592,"date":"2024-11-12T13:23:22","date_gmt":"2024-11-12T12:23:22","guid":{"rendered":"https:\/\/agora.xtec.cat\/escolagaudisabadell\/?p=7592"},"modified":"2024-12-17T14:57:29","modified_gmt":"2024-12-17T13:57:29","slug":"ci-taller-de-geometria-12-11-24","status":"publish","type":"post","link":"https:\/\/agora.xtec.cat\/escolagaudisabadell\/general\/ci-taller-de-geometria-12-11-24\/","title":{"rendered":"CI Taller de geometria 12 11 24"},"content":{"rendered":"<p>L&#8217;alumnat de cicle inicial vam fer un taller de geometria en 2D i 3D a l&#8217;Espai Vall\u00e8s. Tamb\u00e9 vam aprofitar la sortida per con\u00e8ixer edificis emblem\u00e0tics de la nostra ciutat i vam fer dibuix al natural. Va ser un mat\u00ed molt entretingut!!<\/p>\n<p class=\"hide-if-no-js\" style=\"text-align: center;\"><a id=\"set-post-thumbnail\" class=\"thickbox\" href=\"https:\/\/photos.app.goo.gl\/BkCAoZuaZxo23ZP58\" aria-describedby=\"set-post-thumbnail-desc\"><img loading=\"lazy\" decoding=\"async\" class=\"attachment-266x266 size-266x266\" src=\"https:\/\/agora.xtec.cat\/escolagaudisabadell\/wp-content\/uploads\/usu1563\/2024\/12\/IMG_20241112_104343-scaled.jpg\" alt=\"\" width=\"266\" height=\"140\" \/><\/a><\/p>\n","protected":false},"excerpt":{"rendered":"<p>L&#8217;alumnat de cicle inicial vam fer un taller de geometria en 2D i 3D a l&#8217;Espai Vall\u00e8s. Tamb\u00e9 vam aprofitar la sortida per con\u00e8ixer edificis emblem\u00e0tics de la nostra ciutat i vam fer dibuix al natural. Va ser un mat\u00ed molt entretingut!!<br \/>\n<a id=\"set-post-thumbnail\" class=\"thickbox\" href=\"https:\/\/photos.app.goo.gl\/BkCAoZuaZxo23ZP58\"&hellip;  <a href=\"https:\/\/agora.xtec.cat\/escolagaudisabadell\/general\/ci-taller-de-geometria-12-11-24\/\" title=\"Read CI Taller de geometria 12 11 24\">Llegeix m\u00e9s\u00bb<\/a><\/p>\n","protected":false},"author":3,"featured_media":7594,"comment_status":"closed","ping_status":"closed","sticky":false,"template":"","format":"standard","meta":{"_bbp_topic_count":0,"_bbp_reply_count":0,"_bbp_total_topic_count":0,"_bbp_total_reply_count":0,"_bbp_voice_count":0,"_bbp_anonymous_reply_count":0,"_bbp_topic_count_hidden":0,"_bbp_reply_count_hidden":0,"_bbp_forum_subforum_count":0,"footnotes":""},"categories":[10,11,71,1,4],"tags":[],"class_list":["post-7592","post","type-post","status-publish","format-standard","has-post-thumbnail","hentry","category-1r","category-2n","category-fotosdescola","category-general","category-portada"],"post_mailing_queue_ids":[],"_links":{"self":[{"href":"https:\/\/agora.xtec.cat\/escolagaudisabadell\/wp-json\/wp\/v2\/posts\/7592","targetHints":{"allow":["GET"]}}],"collection":[{"href":"https:\/\/agora.xtec.cat\/escolagaudisabadell\/wp-json\/wp\/v2\/posts"}],"about":[{"href":"https:\/\/agora.xtec.cat\/escolagaudisabadell\/wp-json\/wp\/v2\/types\/post"}],"author":[{"embeddable":true,"href":"https:\/\/agora.xtec.cat\/escolagaudisabadell\/wp-json\/wp\/v2\/users\/3"}],"replies":[{"embeddable":true,"href":"https:\/\/agora.xtec.cat\/escolagaudisabadell\/wp-json\/wp\/v2\/comments?post=7592"}],"version-history":[{"count":4,"href":"https:\/\/agora.xtec.cat\/escolagaudisabadell\/wp-json\/wp\/v2\/posts\/7592\/revisions"}],"predecessor-version":[{"id":7741,"href":"https:\/\/agora.xtec.cat\/escolagaudisabadell\/wp-json\/wp\/v2\/posts\/7592\/revisions\/7741"}],"wp:featuredmedia":[{"embeddable":true,"href":"https:\/\/agora.xtec.cat\/escolagaudisabadell\/wp-json\/wp\/v2\/media\/7594"}],"wp:attachment":[{"href":"https:\/\/agora.xtec.cat\/escolagaudisabadell\/wp-json\/wp\/v2\/media?parent=7592"}],"wp:term":[{"taxonomy":"category","embeddable":true,"href":"https:\/\/agora.xtec.cat\/escolagaudisabadell\/wp-json\/wp\/v2\/categories?post=7592"},{"taxonomy":"post_tag","embeddable":true,"href":"https:\/\/agora.xtec.cat\/escolagaudisabadell\/wp-json\/wp\/v2\/tags?post=7592"}],"curies":[{"name":"wp","href":"https:\/\/api.w.org\/{rel}","templated":true}]}}