{"id":7589,"date":"2024-11-29T19:13:46","date_gmt":"2024-11-29T18:13:46","guid":{"rendered":"https:\/\/agora.xtec.cat\/escolagaudisabadell\/?p=7589"},"modified":"2024-12-16T15:29:40","modified_gmt":"2024-12-16T14:29:40","slug":"ei-ci-arriba-el-tio-29-11-24","status":"publish","type":"post","link":"https:\/\/agora.xtec.cat\/escolagaudisabadell\/general\/ei-ci-arriba-el-tio-29-11-24\/","title":{"rendered":"EI-CI Arriba el ti\u00f3 29 11 24"},"content":{"rendered":"<p class=\"hide-if-no-js\" style=\"text-align: center;\"><a id=\"set-post-thumbnail\" class=\"thickbox\" href=\"https:\/\/photos.app.goo.gl\/kwxBEE4FbuairEX86\" aria-describedby=\"set-post-thumbnail-desc\"><img loading=\"lazy\" decoding=\"async\" class=\"attachment-266x266 alignnone\" src=\"https:\/\/agora.xtec.cat\/escolagaudisabadell\/wp-content\/uploads\/usu1563\/2024\/12\/IMG_20241129_155743-scaled.jpg\" alt=\"\" width=\"516\" height=\"233\" \/><\/a><\/p>\n<p style=\"text-align: center;\">El passat divendres 29, despr\u00e9s de fer la Trobada Liter\u00e0ria del mes de novembre, va arribar el Ti\u00f3 a l&#8217;escola. Era tan petit\u00f3 i estava tan amagadet que ens va costar trobar-lo!!!<\/p>\n","protected":false},"excerpt":{"rendered":"<p><a id=\"set-post-thumbnail\" class=\"thickbox\" href=\"https:\/\/photos.app.goo.gl\/kwxBEE4FbuairEX86\" aria-describedby=\"set-post-thumbnail-desc\"><\/a><br \/>\nEl passat divendres 29, despr\u00e9s de fer la Trobada Liter\u00e0ria del mes de novembre, va arribar el Ti\u00f3 a l&#8217;escola. Era tan petit\u00f3 i estava tan amagadet que ens va costar trobar-lo!!!<\/p>\n","protected":false},"author":3,"featured_media":7590,"comment_status":"closed","ping_status":"closed","sticky":false,"template":"","format":"standard","meta":{"_bbp_topic_count":0,"_bbp_reply_count":0,"_bbp_total_topic_count":0,"_bbp_total_reply_count":0,"_bbp_voice_count":0,"_bbp_anonymous_reply_count":0,"_bbp_topic_count_hidden":0,"_bbp_reply_count_hidden":0,"_bbp_forum_subforum_count":0,"footnotes":""},"categories":[10,11,71,1,2,4],"tags":[],"class_list":["post-7589","post","type-post","status-publish","format-standard","has-post-thumbnail","hentry","category-1r","category-2n","category-fotosdescola","category-general","category-infantil","category-portada"],"post_mailing_queue_ids":[],"_links":{"self":[{"href":"https:\/\/agora.xtec.cat\/escolagaudisabadell\/wp-json\/wp\/v2\/posts\/7589","targetHints":{"allow":["GET"]}}],"collection":[{"href":"https:\/\/agora.xtec.cat\/escolagaudisabadell\/wp-json\/wp\/v2\/posts"}],"about":[{"href":"https:\/\/agora.xtec.cat\/escolagaudisabadell\/wp-json\/wp\/v2\/types\/post"}],"author":[{"embeddable":true,"href":"https:\/\/agora.xtec.cat\/escolagaudisabadell\/wp-json\/wp\/v2\/users\/3"}],"replies":[{"embeddable":true,"href":"https:\/\/agora.xtec.cat\/escolagaudisabadell\/wp-json\/wp\/v2\/comments?post=7589"}],"version-history":[{"count":4,"href":"https:\/\/agora.xtec.cat\/escolagaudisabadell\/wp-json\/wp\/v2\/posts\/7589\/revisions"}],"predecessor-version":[{"id":7603,"href":"https:\/\/agora.xtec.cat\/escolagaudisabadell\/wp-json\/wp\/v2\/posts\/7589\/revisions\/7603"}],"wp:featuredmedia":[{"embeddable":true,"href":"https:\/\/agora.xtec.cat\/escolagaudisabadell\/wp-json\/wp\/v2\/media\/7590"}],"wp:attachment":[{"href":"https:\/\/agora.xtec.cat\/escolagaudisabadell\/wp-json\/wp\/v2\/media?parent=7589"}],"wp:term":[{"taxonomy":"category","embeddable":true,"href":"https:\/\/agora.xtec.cat\/escolagaudisabadell\/wp-json\/wp\/v2\/categories?post=7589"},{"taxonomy":"post_tag","embeddable":true,"href":"https:\/\/agora.xtec.cat\/escolagaudisabadell\/wp-json\/wp\/v2\/tags?post=7589"}],"curies":[{"name":"wp","href":"https:\/\/api.w.org\/{rel}","templated":true}]}}