{"id":7453,"date":"2024-10-27T21:02:57","date_gmt":"2024-10-27T20:02:57","guid":{"rendered":"https:\/\/agora.xtec.cat\/escolagaudisabadell\/?p=7453"},"modified":"2024-12-12T17:01:59","modified_gmt":"2024-12-12T16:01:59","slug":"2n-biblioteca-del-nord-imagina-i-coneix-18-10-24","status":"publish","type":"post","link":"https:\/\/agora.xtec.cat\/escolagaudisabadell\/general\/2n-biblioteca-del-nord-imagina-i-coneix-18-10-24\/","title":{"rendered":"2n Biblioteca del Nord: Imagina i coneix 18 10 24"},"content":{"rendered":"<p>&nbsp;<\/p>\n<p class=\"hide-if-no-js\" style=\"text-align: center;\"><a id=\"set-post-thumbnail\" class=\"thickbox\" href=\"https:\/\/photos.app.goo.gl\/SRFyUUh5GakawFof7\" aria-describedby=\"set-post-thumbnail-desc\"><img loading=\"lazy\" decoding=\"async\" class=\"attachment-266x266 alignnone\" src=\"https:\/\/agora.xtec.cat\/escolagaudisabadell\/wp-content\/uploads\/usu1563\/2024\/10\/IMG_20241018_110049-scaled.jpg\" alt=\"\" width=\"266\" height=\"120\" \/><\/a><\/p>\n<p style=\"text-align: center;\">Els nens i nenes de 2n vam anar a la Biblioteca del Nord. Vam aprendre la difer\u00e8ncia entre els llibres d&#8217;imaginaci\u00f3 i els llibres de coneixement i com trobar-los a les prestatgeries. Tamb\u00e9 ens van explicar dos contes que vam escoltar atentament. Despr\u00e9s vam gaudir una estona de l&#8217;espai de la Biblioteca del Nord i de la gran quantitat i varietat de llibres que tenen. Ens van quedar ganes de tornar-hi amb les fam\u00edlies!!!<\/p>\n","protected":false},"excerpt":{"rendered":"<p>&nbsp;<br \/>\n<a id=\"set-post-thumbnail\" class=\"thickbox\" href=\"https:\/\/photos.app.goo.gl\/SRFyUUh5GakawFof7\" aria-describedby=\"set-post-thumbnail-desc\"><\/a><br \/>\nEls nens i nenes de 2n vam anar a la Biblioteca del Nord. Vam aprendre la difer\u00e8ncia entre els llibres d&#8217;imaginaci\u00f3 i els llibres de coneixement i com trobar-los a les prestatgeries. Tamb\u00e9 ens van explicar dos contes que vam escoltar&hellip;  <a href=\"https:\/\/agora.xtec.cat\/escolagaudisabadell\/general\/2n-biblioteca-del-nord-imagina-i-coneix-18-10-24\/\" title=\"Read 2n Biblioteca del Nord: Imagina i coneix 18 10 24\">Llegeix m\u00e9s\u00bb<\/a><\/p>\n","protected":false},"author":3,"featured_media":7454,"comment_status":"closed","ping_status":"closed","sticky":false,"template":"","format":"standard","meta":{"_bbp_topic_count":0,"_bbp_reply_count":0,"_bbp_total_topic_count":0,"_bbp_total_reply_count":0,"_bbp_voice_count":0,"_bbp_anonymous_reply_count":0,"_bbp_topic_count_hidden":0,"_bbp_reply_count_hidden":0,"_bbp_forum_subforum_count":0,"footnotes":""},"categories":[11,71,1,4],"tags":[],"class_list":["post-7453","post","type-post","status-publish","format-standard","has-post-thumbnail","hentry","category-2n","category-fotosdescola","category-general","category-portada"],"post_mailing_queue_ids":[],"_links":{"self":[{"href":"https:\/\/agora.xtec.cat\/escolagaudisabadell\/wp-json\/wp\/v2\/posts\/7453","targetHints":{"allow":["GET"]}}],"collection":[{"href":"https:\/\/agora.xtec.cat\/escolagaudisabadell\/wp-json\/wp\/v2\/posts"}],"about":[{"href":"https:\/\/agora.xtec.cat\/escolagaudisabadell\/wp-json\/wp\/v2\/types\/post"}],"author":[{"embeddable":true,"href":"https:\/\/agora.xtec.cat\/escolagaudisabadell\/wp-json\/wp\/v2\/users\/3"}],"replies":[{"embeddable":true,"href":"https:\/\/agora.xtec.cat\/escolagaudisabadell\/wp-json\/wp\/v2\/comments?post=7453"}],"version-history":[{"count":3,"href":"https:\/\/agora.xtec.cat\/escolagaudisabadell\/wp-json\/wp\/v2\/posts\/7453\/revisions"}],"predecessor-version":[{"id":7626,"href":"https:\/\/agora.xtec.cat\/escolagaudisabadell\/wp-json\/wp\/v2\/posts\/7453\/revisions\/7626"}],"wp:featuredmedia":[{"embeddable":true,"href":"https:\/\/agora.xtec.cat\/escolagaudisabadell\/wp-json\/wp\/v2\/media\/7454"}],"wp:attachment":[{"href":"https:\/\/agora.xtec.cat\/escolagaudisabadell\/wp-json\/wp\/v2\/media?parent=7453"}],"wp:term":[{"taxonomy":"category","embeddable":true,"href":"https:\/\/agora.xtec.cat\/escolagaudisabadell\/wp-json\/wp\/v2\/categories?post=7453"},{"taxonomy":"post_tag","embeddable":true,"href":"https:\/\/agora.xtec.cat\/escolagaudisabadell\/wp-json\/wp\/v2\/tags?post=7453"}],"curies":[{"name":"wp","href":"https:\/\/api.w.org\/{rel}","templated":true}]}}