{"id":7384,"date":"2024-07-18T17:04:18","date_gmt":"2024-07-18T15:04:18","guid":{"rendered":"https:\/\/agora.xtec.cat\/escolagaudisabadell\/?p=7384"},"modified":"2024-12-12T17:03:03","modified_gmt":"2024-12-12T16:03:03","slug":"taller-de-braille","status":"publish","type":"post","link":"https:\/\/agora.xtec.cat\/escolagaudisabadell\/general\/taller-de-braille\/","title":{"rendered":"1r Taller de Braille 15 06 2024"},"content":{"rendered":"<p><a href=\"https:\/\/photos.app.goo.gl\/sdv5C91yqwmhfbVU6\"><img loading=\"lazy\" decoding=\"async\" class=\"aligncenter\" src=\"https:\/\/agora.xtec.cat\/escolagaudisabadell\/wp-content\/uploads\/usu1563\/2024\/07\/IMG_20240517_104858-300x300.jpg\" alt=\"\" width=\"300\" height=\"300\" \/><\/a><\/p>\n<p style=\"text-align: center;\">A final de curs, la Marta, mestra de suport de l&#8217;ONCE, ens va fer un taller de Braille per tal d&#8217;apropar-nos a aquest codi. Tot l&#8217;any hem vist com treballava amb una de les companyes de la classe i ens va agradar molt poder con\u00e8ixer l&#8217;origen i el funcionament de l&#8217;alfabet Braille. Vam practicar amb material que va preparar amb la nostra companya i despr\u00e9s vam escriure algunes paraules, treballant individualment i en parelles. Un altre dia vam escriure el nostre nom amb els signes generadors i despr\u00e9s vam utilitzar la m\u00e0quina perkins per fer una sanefa decorativa. Va ser molt motivador i esperem seguir aprenent l&#8217;any vinent! Gr\u00e0cies!!<\/p>\n","protected":false},"excerpt":{"rendered":"<p><a href=\"https:\/\/photos.app.goo.gl\/sdv5C91yqwmhfbVU6\"><\/a><br \/>\nA final de curs, la Marta, mestra de suport de l&#8217;ONCE, ens va fer un taller de Braille per tal d&#8217;apropar-nos a aquest codi. Tot l&#8217;any hem vist com treballava amb una de les companyes de la classe i ens va agradar molt poder&hellip;  <a href=\"https:\/\/agora.xtec.cat\/escolagaudisabadell\/general\/taller-de-braille\/\" title=\"Read 1r Taller de Braille 15 06 2024\">Llegeix m\u00e9s\u00bb<\/a><\/p>\n","protected":false},"author":3,"featured_media":7385,"comment_status":"closed","ping_status":"closed","sticky":false,"template":"","format":"standard","meta":{"_bbp_topic_count":0,"_bbp_reply_count":0,"_bbp_total_topic_count":0,"_bbp_total_reply_count":0,"_bbp_voice_count":0,"_bbp_anonymous_reply_count":0,"_bbp_topic_count_hidden":0,"_bbp_reply_count_hidden":0,"_bbp_forum_subforum_count":0,"footnotes":""},"categories":[10,1,4],"tags":[],"class_list":["post-7384","post","type-post","status-publish","format-standard","has-post-thumbnail","hentry","category-1r","category-general","category-portada"],"post_mailing_queue_ids":[],"_links":{"self":[{"href":"https:\/\/agora.xtec.cat\/escolagaudisabadell\/wp-json\/wp\/v2\/posts\/7384","targetHints":{"allow":["GET"]}}],"collection":[{"href":"https:\/\/agora.xtec.cat\/escolagaudisabadell\/wp-json\/wp\/v2\/posts"}],"about":[{"href":"https:\/\/agora.xtec.cat\/escolagaudisabadell\/wp-json\/wp\/v2\/types\/post"}],"author":[{"embeddable":true,"href":"https:\/\/agora.xtec.cat\/escolagaudisabadell\/wp-json\/wp\/v2\/users\/3"}],"replies":[{"embeddable":true,"href":"https:\/\/agora.xtec.cat\/escolagaudisabadell\/wp-json\/wp\/v2\/comments?post=7384"}],"version-history":[{"count":5,"href":"https:\/\/agora.xtec.cat\/escolagaudisabadell\/wp-json\/wp\/v2\/posts\/7384\/revisions"}],"predecessor-version":[{"id":7630,"href":"https:\/\/agora.xtec.cat\/escolagaudisabadell\/wp-json\/wp\/v2\/posts\/7384\/revisions\/7630"}],"wp:featuredmedia":[{"embeddable":true,"href":"https:\/\/agora.xtec.cat\/escolagaudisabadell\/wp-json\/wp\/v2\/media\/7385"}],"wp:attachment":[{"href":"https:\/\/agora.xtec.cat\/escolagaudisabadell\/wp-json\/wp\/v2\/media?parent=7384"}],"wp:term":[{"taxonomy":"category","embeddable":true,"href":"https:\/\/agora.xtec.cat\/escolagaudisabadell\/wp-json\/wp\/v2\/categories?post=7384"},{"taxonomy":"post_tag","embeddable":true,"href":"https:\/\/agora.xtec.cat\/escolagaudisabadell\/wp-json\/wp\/v2\/tags?post=7384"}],"curies":[{"name":"wp","href":"https:\/\/api.w.org\/{rel}","templated":true}]}}