{"id":7373,"date":"2024-07-04T09:22:38","date_gmt":"2024-07-04T07:22:38","guid":{"rendered":"https:\/\/agora.xtec.cat\/escolagaudisabadell\/?p=7373"},"modified":"2024-07-04T09:25:09","modified_gmt":"2024-07-04T07:25:09","slug":"fem-robotica","status":"publish","type":"post","link":"https:\/\/agora.xtec.cat\/escolagaudisabadell\/primaria\/3r\/fem-robotica\/","title":{"rendered":"Fem Rob\u00f2tica!"},"content":{"rendered":"<p>El dia 5 de juny els nens i nenes de Tercer vam fer un taller de Rob\u00f2tica a la classe. Va ser molt divertit i entretingut. Feu clic a la imatge per veure m\u00e9s fotos de l&#8217;activitat.<a href=\"https:\/\/photos.app.goo.gl\/h6LR9HyEF2A3FpKi8\"><img loading=\"lazy\" decoding=\"async\" class=\"wp-image-7376 aligncenter\" src=\"https:\/\/agora.xtec.cat\/escolagaudisabadell\/wp-content\/uploads\/usu1563\/2024\/07\/20240605_104453.jpg\" alt=\"\" width=\"310\" height=\"551\" srcset=\"https:\/\/agora.xtec.cat\/escolagaudisabadell\/wp-content\/uploads\/usu1563\/2024\/07\/20240605_104453.jpg 1026w, https:\/\/agora.xtec.cat\/escolagaudisabadell\/wp-content\/uploads\/usu1563\/2024\/07\/20240605_104453-169x300.jpg 169w, https:\/\/agora.xtec.cat\/escolagaudisabadell\/wp-content\/uploads\/usu1563\/2024\/07\/20240605_104453-577x1024.jpg 577w, https:\/\/agora.xtec.cat\/escolagaudisabadell\/wp-content\/uploads\/usu1563\/2024\/07\/20240605_104453-768x1364.jpg 768w, https:\/\/agora.xtec.cat\/escolagaudisabadell\/wp-content\/uploads\/usu1563\/2024\/07\/20240605_104453-865x1536.jpg 865w\" sizes=\"auto, (max-width: 310px) 100vw, 310px\" \/><\/a><\/p>\n","protected":false},"excerpt":{"rendered":"<p>El dia 5 de juny els nens i nenes de Tercer vam fer un taller de Rob\u00f2tica a la classe. Va ser molt divertit i entretingut. Feu clic a la imatge per veure m\u00e9s fotos de l&#8217;activitat.<a href=\"https:\/\/photos.app.goo.gl\/h6LR9HyEF2A3FpKi8\"><\/a><\/p>\n","protected":false},"author":1,"featured_media":0,"comment_status":"open","ping_status":"closed","sticky":false,"template":"","format":"standard","meta":{"_bbp_topic_count":0,"_bbp_reply_count":0,"_bbp_total_topic_count":0,"_bbp_total_reply_count":0,"_bbp_voice_count":0,"_bbp_anonymous_reply_count":0,"_bbp_topic_count_hidden":0,"_bbp_reply_count_hidden":0,"_bbp_forum_subforum_count":0,"footnotes":""},"categories":[12],"tags":[],"class_list":["post-7373","post","type-post","status-publish","format-standard","hentry","category-3r"],"post_mailing_queue_ids":[],"_links":{"self":[{"href":"https:\/\/agora.xtec.cat\/escolagaudisabadell\/wp-json\/wp\/v2\/posts\/7373","targetHints":{"allow":["GET"]}}],"collection":[{"href":"https:\/\/agora.xtec.cat\/escolagaudisabadell\/wp-json\/wp\/v2\/posts"}],"about":[{"href":"https:\/\/agora.xtec.cat\/escolagaudisabadell\/wp-json\/wp\/v2\/types\/post"}],"author":[{"embeddable":true,"href":"https:\/\/agora.xtec.cat\/escolagaudisabadell\/wp-json\/wp\/v2\/users\/1"}],"replies":[{"embeddable":true,"href":"https:\/\/agora.xtec.cat\/escolagaudisabadell\/wp-json\/wp\/v2\/comments?post=7373"}],"version-history":[{"count":1,"href":"https:\/\/agora.xtec.cat\/escolagaudisabadell\/wp-json\/wp\/v2\/posts\/7373\/revisions"}],"predecessor-version":[{"id":7377,"href":"https:\/\/agora.xtec.cat\/escolagaudisabadell\/wp-json\/wp\/v2\/posts\/7373\/revisions\/7377"}],"wp:attachment":[{"href":"https:\/\/agora.xtec.cat\/escolagaudisabadell\/wp-json\/wp\/v2\/media?parent=7373"}],"wp:term":[{"taxonomy":"category","embeddable":true,"href":"https:\/\/agora.xtec.cat\/escolagaudisabadell\/wp-json\/wp\/v2\/categories?post=7373"},{"taxonomy":"post_tag","embeddable":true,"href":"https:\/\/agora.xtec.cat\/escolagaudisabadell\/wp-json\/wp\/v2\/tags?post=7373"}],"curies":[{"name":"wp","href":"https:\/\/api.w.org\/{rel}","templated":true}]}}