{"id":7348,"date":"2024-07-03T10:46:29","date_gmt":"2024-07-03T08:46:29","guid":{"rendered":"https:\/\/agora.xtec.cat\/escolagaudisabadell\/?p=7348"},"modified":"2024-07-03T10:46:29","modified_gmt":"2024-07-03T08:46:29","slug":"acte-de-comiat-alumnes-de-sise","status":"publish","type":"post","link":"https:\/\/agora.xtec.cat\/escolagaudisabadell\/portada\/acte-de-comiat-alumnes-de-sise\/","title":{"rendered":"Acte de Comiat alumnes de Sis\u00e8"},"content":{"rendered":"<p>El dia 20 de juny vam fer l&#8217;acte de comiat dels nostres alumnes de Sis\u00e8. Aqu\u00ed us deixem els v\u00eddeos. Us trobarem molt a faltar! Esperem de tot cor que us vagi molt b\u00e9 a la vostra nova etapa a l&#8217;institut. Feu clic al dibuix.<\/p>\n<p><a href=\"https:\/\/photos.app.goo.gl\/nwZZhyDjVWfutsQq5\"><img loading=\"lazy\" decoding=\"async\" class=\"size-full wp-image-7349 aligncenter\" src=\"https:\/\/agora.xtec.cat\/escolagaudisabadell\/wp-content\/uploads\/usu1563\/2024\/07\/Birrete.png\" alt=\"\" width=\"241\" height=\"209\" \/><\/a><\/p>\n<pre>                               Font imatge: Pinterest<\/pre>\n","protected":false},"excerpt":{"rendered":"<p>El dia 20 de juny vam fer l&#8217;acte de comiat dels nostres alumnes de Sis\u00e8. Aqu\u00ed us deixem els v\u00eddeos. Us trobarem molt a faltar! Esperem de tot cor que us vagi molt b\u00e9 a la vostra nova etapa a l&#8217;institut. Feu clic al dibuix.<br \/>\n<a&hellip;  <a href=\"https:\/\/agora.xtec.cat\/escolagaudisabadell\/portada\/acte-de-comiat-alumnes-de-sise\/\" title=\"Read Acte de Comiat alumnes de Sis\u00e8\">Llegeix m\u00e9s\u00bb<\/a><\/p>\n","protected":false},"author":1,"featured_media":0,"comment_status":"open","ping_status":"closed","sticky":false,"template":"","format":"standard","meta":{"_bbp_topic_count":0,"_bbp_reply_count":0,"_bbp_total_topic_count":0,"_bbp_total_reply_count":0,"_bbp_voice_count":0,"_bbp_anonymous_reply_count":0,"_bbp_topic_count_hidden":0,"_bbp_reply_count_hidden":0,"_bbp_forum_subforum_count":0,"footnotes":""},"categories":[15,4],"tags":[],"class_list":["post-7348","post","type-post","status-publish","format-standard","hentry","category-6e","category-portada"],"post_mailing_queue_ids":[],"_links":{"self":[{"href":"https:\/\/agora.xtec.cat\/escolagaudisabadell\/wp-json\/wp\/v2\/posts\/7348","targetHints":{"allow":["GET"]}}],"collection":[{"href":"https:\/\/agora.xtec.cat\/escolagaudisabadell\/wp-json\/wp\/v2\/posts"}],"about":[{"href":"https:\/\/agora.xtec.cat\/escolagaudisabadell\/wp-json\/wp\/v2\/types\/post"}],"author":[{"embeddable":true,"href":"https:\/\/agora.xtec.cat\/escolagaudisabadell\/wp-json\/wp\/v2\/users\/1"}],"replies":[{"embeddable":true,"href":"https:\/\/agora.xtec.cat\/escolagaudisabadell\/wp-json\/wp\/v2\/comments?post=7348"}],"version-history":[{"count":1,"href":"https:\/\/agora.xtec.cat\/escolagaudisabadell\/wp-json\/wp\/v2\/posts\/7348\/revisions"}],"predecessor-version":[{"id":7350,"href":"https:\/\/agora.xtec.cat\/escolagaudisabadell\/wp-json\/wp\/v2\/posts\/7348\/revisions\/7350"}],"wp:attachment":[{"href":"https:\/\/agora.xtec.cat\/escolagaudisabadell\/wp-json\/wp\/v2\/media?parent=7348"}],"wp:term":[{"taxonomy":"category","embeddable":true,"href":"https:\/\/agora.xtec.cat\/escolagaudisabadell\/wp-json\/wp\/v2\/categories?post=7348"},{"taxonomy":"post_tag","embeddable":true,"href":"https:\/\/agora.xtec.cat\/escolagaudisabadell\/wp-json\/wp\/v2\/tags?post=7348"}],"curies":[{"name":"wp","href":"https:\/\/api.w.org\/{rel}","templated":true}]}}