{"id":7329,"date":"2024-06-19T12:28:57","date_gmt":"2024-06-19T10:28:57","guid":{"rendered":"https:\/\/agora.xtec.cat\/escolagaudisabadell\/?p=7329"},"modified":"2024-06-19T12:45:13","modified_gmt":"2024-06-19T10:45:13","slug":"sortida-al-hi-jump-de-sabadell","status":"publish","type":"post","link":"https:\/\/agora.xtec.cat\/escolagaudisabadell\/portada\/sortida-al-hi-jump-de-sabadell\/","title":{"rendered":"Sortida al &#8220;Hi Jump&#8221; de Sabadell"},"content":{"rendered":"<p>Els nens i nenes de Sis\u00e8 han anat al Hi Jump de Sabadell. Cliqueu a la imatge per veure totes les fotos i a la paraula <strong>v\u00eddeos<\/strong> per veure els v\u00eddeos que vam gravar.<\/p>\n<p><a href=\"https:\/\/photos.app.goo.gl\/E5R7JdyP2uYCUTF87\"><img loading=\"lazy\" decoding=\"async\" class=\"alignnone wp-image-7330\" src=\"https:\/\/agora.xtec.cat\/escolagaudisabadell\/wp-content\/uploads\/usu1563\/2024\/06\/IMG_20240618_125914.jpg\" alt=\"\" width=\"1023\" height=\"767\" srcset=\"https:\/\/agora.xtec.cat\/escolagaudisabadell\/wp-content\/uploads\/usu1563\/2024\/06\/IMG_20240618_125914.jpg 1023w, https:\/\/agora.xtec.cat\/escolagaudisabadell\/wp-content\/uploads\/usu1563\/2024\/06\/IMG_20240618_125914-300x225.jpg 300w, https:\/\/agora.xtec.cat\/escolagaudisabadell\/wp-content\/uploads\/usu1563\/2024\/06\/IMG_20240618_125914-768x576.jpg 768w, https:\/\/agora.xtec.cat\/escolagaudisabadell\/wp-content\/uploads\/usu1563\/2024\/06\/IMG_20240618_125914-200x150.jpg 200w\" sizes=\"auto, (max-width: 1023px) 100vw, 1023px\" \/><\/a><\/p>\n<h3><a href=\"https:\/\/photos.app.goo.gl\/VB9FG1cyHgNyCrUN8\"><strong>V\u00cdDEOS<\/strong><\/a><\/h3>\n<p>&nbsp;<\/p>\n","protected":false},"excerpt":{"rendered":"<p>Els nens i nenes de Sis\u00e8 han anat al Hi Jump de Sabadell. Cliqueu a la imatge per veure totes les fotos i a la paraula v\u00eddeos per veure els v\u00eddeos que vam gravar.<br \/>\n<a href=\"https:\/\/photos.app.goo.gl\/E5R7JdyP2uYCUTF87\"><\/a><br \/>\n<a href=\"https:\/\/photos.app.goo.gl\/VB9FG1cyHgNyCrUN8\">V\u00cdDEOS<\/a><br \/>\n&nbsp;<\/p>\n","protected":false},"author":1,"featured_media":0,"comment_status":"open","ping_status":"closed","sticky":false,"template":"","format":"standard","meta":{"_bbp_topic_count":0,"_bbp_reply_count":0,"_bbp_total_topic_count":0,"_bbp_total_reply_count":0,"_bbp_voice_count":0,"_bbp_anonymous_reply_count":0,"_bbp_topic_count_hidden":0,"_bbp_reply_count_hidden":0,"_bbp_forum_subforum_count":0,"footnotes":""},"categories":[15,4],"tags":[],"class_list":["post-7329","post","type-post","status-publish","format-standard","hentry","category-6e","category-portada"],"post_mailing_queue_ids":[],"_links":{"self":[{"href":"https:\/\/agora.xtec.cat\/escolagaudisabadell\/wp-json\/wp\/v2\/posts\/7329","targetHints":{"allow":["GET"]}}],"collection":[{"href":"https:\/\/agora.xtec.cat\/escolagaudisabadell\/wp-json\/wp\/v2\/posts"}],"about":[{"href":"https:\/\/agora.xtec.cat\/escolagaudisabadell\/wp-json\/wp\/v2\/types\/post"}],"author":[{"embeddable":true,"href":"https:\/\/agora.xtec.cat\/escolagaudisabadell\/wp-json\/wp\/v2\/users\/1"}],"replies":[{"embeddable":true,"href":"https:\/\/agora.xtec.cat\/escolagaudisabadell\/wp-json\/wp\/v2\/comments?post=7329"}],"version-history":[{"count":3,"href":"https:\/\/agora.xtec.cat\/escolagaudisabadell\/wp-json\/wp\/v2\/posts\/7329\/revisions"}],"predecessor-version":[{"id":7333,"href":"https:\/\/agora.xtec.cat\/escolagaudisabadell\/wp-json\/wp\/v2\/posts\/7329\/revisions\/7333"}],"wp:attachment":[{"href":"https:\/\/agora.xtec.cat\/escolagaudisabadell\/wp-json\/wp\/v2\/media?parent=7329"}],"wp:term":[{"taxonomy":"category","embeddable":true,"href":"https:\/\/agora.xtec.cat\/escolagaudisabadell\/wp-json\/wp\/v2\/categories?post=7329"},{"taxonomy":"post_tag","embeddable":true,"href":"https:\/\/agora.xtec.cat\/escolagaudisabadell\/wp-json\/wp\/v2\/tags?post=7329"}],"curies":[{"name":"wp","href":"https:\/\/api.w.org\/{rel}","templated":true}]}}