{"id":7299,"date":"2024-06-02T21:40:22","date_gmt":"2024-06-02T19:40:22","guid":{"rendered":"https:\/\/agora.xtec.cat\/escolagaudisabadell\/?p=7299"},"modified":"2024-06-02T21:40:22","modified_gmt":"2024-06-02T19:40:22","slug":"ci-visita-al-cram-29-05-2024","status":"publish","type":"post","link":"https:\/\/agora.xtec.cat\/escolagaudisabadell\/general\/ci-visita-al-cram-29-05-2024\/","title":{"rendered":"CI Visita al CRAM 29 05 2024"},"content":{"rendered":"<p>L&#8217;alumnat de cicle inicial hem estudiat els animals durant el tercer trimestre. Hem treballat amb moltes ganes i hem apr\u00e8s molt. Per completar aquesta feina, el dia 29 de maig vam anar al CRAM (Centre de Recuperaci\u00f3 d&#8217;Animals Marins). Va ser molt interessant i ens ho vam passar molt b\u00e9!!<\/p>\n<p><a href=\"https:\/\/photos.app.goo.gl\/VFazzbF1vL5twcv49\"><img loading=\"lazy\" decoding=\"async\" class=\"aligncenter\" src=\"https:\/\/agora.xtec.cat\/escolagaudisabadell\/wp-content\/uploads\/usu1563\/2024\/06\/EECD6A41-C93C-48EC-8FA5-B6B211BD3053-scaled.jpeg\" alt=\"\" width=\"422\" height=\"563\" \/><\/a><\/p>\n","protected":false},"excerpt":{"rendered":"<p>L&#8217;alumnat de cicle inicial hem estudiat els animals durant el tercer trimestre. Hem treballat amb moltes ganes i hem apr\u00e8s molt. Per completar aquesta feina, el dia 29 de maig vam anar al CRAM (Centre de Recuperaci\u00f3 d&#8217;Animals Marins). Va ser molt interessant i ens&hellip;  <a href=\"https:\/\/agora.xtec.cat\/escolagaudisabadell\/general\/ci-visita-al-cram-29-05-2024\/\" title=\"Read CI Visita al CRAM 29 05 2024\">Llegeix m\u00e9s\u00bb<\/a><\/p>\n","protected":false},"author":3,"featured_media":7300,"comment_status":"closed","ping_status":"closed","sticky":false,"template":"","format":"standard","meta":{"_bbp_topic_count":0,"_bbp_reply_count":0,"_bbp_total_topic_count":0,"_bbp_total_reply_count":0,"_bbp_voice_count":0,"_bbp_anonymous_reply_count":0,"_bbp_topic_count_hidden":0,"_bbp_reply_count_hidden":0,"_bbp_forum_subforum_count":0,"footnotes":""},"categories":[10,11,71,1,4],"tags":[],"class_list":["post-7299","post","type-post","status-publish","format-standard","has-post-thumbnail","hentry","category-1r","category-2n","category-fotosdescola","category-general","category-portada"],"post_mailing_queue_ids":[],"_links":{"self":[{"href":"https:\/\/agora.xtec.cat\/escolagaudisabadell\/wp-json\/wp\/v2\/posts\/7299","targetHints":{"allow":["GET"]}}],"collection":[{"href":"https:\/\/agora.xtec.cat\/escolagaudisabadell\/wp-json\/wp\/v2\/posts"}],"about":[{"href":"https:\/\/agora.xtec.cat\/escolagaudisabadell\/wp-json\/wp\/v2\/types\/post"}],"author":[{"embeddable":true,"href":"https:\/\/agora.xtec.cat\/escolagaudisabadell\/wp-json\/wp\/v2\/users\/3"}],"replies":[{"embeddable":true,"href":"https:\/\/agora.xtec.cat\/escolagaudisabadell\/wp-json\/wp\/v2\/comments?post=7299"}],"version-history":[{"count":2,"href":"https:\/\/agora.xtec.cat\/escolagaudisabadell\/wp-json\/wp\/v2\/posts\/7299\/revisions"}],"predecessor-version":[{"id":7302,"href":"https:\/\/agora.xtec.cat\/escolagaudisabadell\/wp-json\/wp\/v2\/posts\/7299\/revisions\/7302"}],"wp:featuredmedia":[{"embeddable":true,"href":"https:\/\/agora.xtec.cat\/escolagaudisabadell\/wp-json\/wp\/v2\/media\/7300"}],"wp:attachment":[{"href":"https:\/\/agora.xtec.cat\/escolagaudisabadell\/wp-json\/wp\/v2\/media?parent=7299"}],"wp:term":[{"taxonomy":"category","embeddable":true,"href":"https:\/\/agora.xtec.cat\/escolagaudisabadell\/wp-json\/wp\/v2\/categories?post=7299"},{"taxonomy":"post_tag","embeddable":true,"href":"https:\/\/agora.xtec.cat\/escolagaudisabadell\/wp-json\/wp\/v2\/tags?post=7299"}],"curies":[{"name":"wp","href":"https:\/\/api.w.org\/{rel}","templated":true}]}}