{"id":7290,"date":"2024-05-30T22:07:45","date_gmt":"2024-05-30T20:07:45","guid":{"rendered":"https:\/\/agora.xtec.cat\/escolagaudisabadell\/?p=7290"},"modified":"2024-05-30T22:07:51","modified_gmt":"2024-05-30T20:07:51","slug":"jornada-olimpica-i-paralimpica-de-5e-per-c-inicial","status":"publish","type":"post","link":"https:\/\/agora.xtec.cat\/escolagaudisabadell\/general\/jornada-olimpica-i-paralimpica-de-5e-per-c-inicial\/","title":{"rendered":"JORNADA OL\u00cdMPICA I PARAL\u00cdMPICA DE 5\u00e8 PER C. Inicial"},"content":{"rendered":"<p>Des de l&#8217;\u00e0rea d&#8217;educaci\u00f3 f\u00edsica es prepara aquesta jornada ol\u00edmpica i paral\u00edmpica.<\/p>\n<p>Primer de tot, l&#8217;alumnat de 5\u00e8 va preparar diferents activitats i despr\u00e9s es va fer la selecci\u00f3 d&#8217;aquella que faria cada grup.<\/p>\n<p>I avui s&#8217;ha portat a terme amb l&#8217;alumnat de cicle inicial.<\/p>\n<p>Tothom s&#8217;ho ha passat molt b\u00e9!!! Aqu\u00ed us deixem algunes fotos que hem fet.<\/p>\n<p><a href=\"https:\/\/photos.app.goo.gl\/if3v6yj9zvFUcQ3JA\" target=\"_blank\" rel=\"noopener\"><img loading=\"lazy\" decoding=\"async\" class=\"aligncenter\" src=\"https:\/\/agora.xtec.cat\/escolagaudisabadell\/wp-content\/uploads\/usu1563\/2024\/05\/IMG_20240530_154647.jpg\" alt=\"\" width=\"338\" height=\"314\" \/><\/a><\/p>\n<p>&nbsp;<\/p>\n<p>&nbsp;<\/p>\n<p>&nbsp;<\/p>\n","protected":false},"excerpt":{"rendered":"<p>Des de l&#8217;\u00e0rea d&#8217;educaci\u00f3 f\u00edsica es prepara aquesta jornada ol\u00edmpica i paral\u00edmpica.<br \/>\nPrimer de tot, l&#8217;alumnat de 5\u00e8 va preparar diferents activitats i despr\u00e9s es va fer la selecci\u00f3 d&#8217;aquella que faria cada grup.<br \/>\nI avui s&#8217;ha portat a terme amb l&#8217;alumnat de cicle inicial.<br \/>\nTothom s&#8217;ho ha&hellip;  <a href=\"https:\/\/agora.xtec.cat\/escolagaudisabadell\/general\/jornada-olimpica-i-paralimpica-de-5e-per-c-inicial\/\" title=\"Read JORNADA OL\u00cdMPICA I PARAL\u00cdMPICA DE 5\u00e8 PER C. Inicial\">Llegeix m\u00e9s\u00bb<\/a><\/p>\n","protected":false},"author":1,"featured_media":7291,"comment_status":"closed","ping_status":"closed","sticky":false,"template":"","format":"standard","meta":{"_bbp_topic_count":0,"_bbp_reply_count":0,"_bbp_total_topic_count":0,"_bbp_total_reply_count":0,"_bbp_voice_count":0,"_bbp_anonymous_reply_count":0,"_bbp_topic_count_hidden":0,"_bbp_reply_count_hidden":0,"_bbp_forum_subforum_count":0,"footnotes":""},"categories":[10,11,14,71,1,4,5],"tags":[],"class_list":["post-7290","post","type-post","status-publish","format-standard","has-post-thumbnail","hentry","category-1r","category-2n","category-5e","category-fotosdescola","category-general","category-portada","category-primaria"],"post_mailing_queue_ids":[],"_links":{"self":[{"href":"https:\/\/agora.xtec.cat\/escolagaudisabadell\/wp-json\/wp\/v2\/posts\/7290","targetHints":{"allow":["GET"]}}],"collection":[{"href":"https:\/\/agora.xtec.cat\/escolagaudisabadell\/wp-json\/wp\/v2\/posts"}],"about":[{"href":"https:\/\/agora.xtec.cat\/escolagaudisabadell\/wp-json\/wp\/v2\/types\/post"}],"author":[{"embeddable":true,"href":"https:\/\/agora.xtec.cat\/escolagaudisabadell\/wp-json\/wp\/v2\/users\/1"}],"replies":[{"embeddable":true,"href":"https:\/\/agora.xtec.cat\/escolagaudisabadell\/wp-json\/wp\/v2\/comments?post=7290"}],"version-history":[{"count":2,"href":"https:\/\/agora.xtec.cat\/escolagaudisabadell\/wp-json\/wp\/v2\/posts\/7290\/revisions"}],"predecessor-version":[{"id":7293,"href":"https:\/\/agora.xtec.cat\/escolagaudisabadell\/wp-json\/wp\/v2\/posts\/7290\/revisions\/7293"}],"wp:featuredmedia":[{"embeddable":true,"href":"https:\/\/agora.xtec.cat\/escolagaudisabadell\/wp-json\/wp\/v2\/media\/7291"}],"wp:attachment":[{"href":"https:\/\/agora.xtec.cat\/escolagaudisabadell\/wp-json\/wp\/v2\/media?parent=7290"}],"wp:term":[{"taxonomy":"category","embeddable":true,"href":"https:\/\/agora.xtec.cat\/escolagaudisabadell\/wp-json\/wp\/v2\/categories?post=7290"},{"taxonomy":"post_tag","embeddable":true,"href":"https:\/\/agora.xtec.cat\/escolagaudisabadell\/wp-json\/wp\/v2\/tags?post=7290"}],"curies":[{"name":"wp","href":"https:\/\/api.w.org\/{rel}","templated":true}]}}