{"id":7277,"date":"2024-05-21T15:54:57","date_gmt":"2024-05-21T13:54:57","guid":{"rendered":"https:\/\/agora.xtec.cat\/escolagaudisabadell\/?p=7277"},"modified":"2024-05-21T15:55:40","modified_gmt":"2024-05-21T13:55:40","slug":"escola-certamen-literari-abril-2024","status":"publish","type":"post","link":"https:\/\/agora.xtec.cat\/escolagaudisabadell\/general\/escola-certamen-literari-abril-2024\/","title":{"rendered":"Escola: Cert\u00e0men literari Abril 2024"},"content":{"rendered":"<p style=\"text-align: center;\">Enlla\u00e7 als v\u00eddeos: \u00a0 \u00a0\u00a0 <a href=\"https:\/\/photos.app.goo.gl\/vDaGpGiw3md29MnJ6\" target=\"_blank\" rel=\"noopener\">&#8220;CERTAMEN LITERARI ESCOLA GAUD\u00cd ABRIL 2024&#8221;<\/a><\/p>\n<p>Benvolgudes fam\u00edlies,<\/p>\n<p>Aqu\u00ed podeu gaudir de tots els v\u00eddeos que es van filmar en la celebraci\u00f3 del certamen literari.<\/p>\n<p>L&#8217;Escola<\/p>\n<p style=\"text-align: center;\">Tamb\u00e9 accedireu clicant la imatge:<\/p>\n<p style=\"text-align: center;\"><a href=\"https:\/\/photos.app.goo.gl\/vDaGpGiw3md29MnJ6\" target=\"_blank\" rel=\"noopener\"><img loading=\"lazy\" decoding=\"async\" class=\"alignnone size-full wp-image-7278\" src=\"https:\/\/agora.xtec.cat\/escolagaudisabadell\/wp-content\/uploads\/usu1563\/2024\/05\/Portada.png\" alt=\"\" width=\"418\" height=\"136\" srcset=\"https:\/\/agora.xtec.cat\/escolagaudisabadell\/wp-content\/uploads\/usu1563\/2024\/05\/Portada.png 418w, https:\/\/agora.xtec.cat\/escolagaudisabadell\/wp-content\/uploads\/usu1563\/2024\/05\/Portada-300x98.png 300w\" sizes=\"auto, (max-width: 418px) 100vw, 418px\" \/><\/a><\/p>\n","protected":false},"excerpt":{"rendered":"<p>Enlla\u00e7 als v\u00eddeos: \u00a0 \u00a0\u00a0 <a href=\"https:\/\/photos.app.goo.gl\/vDaGpGiw3md29MnJ6\" target=\"_blank\" rel=\"noopener\">&#8220;CERTAMEN LITERARI ESCOLA GAUD\u00cd ABRIL 2024&#8221;<\/a><br \/>\nBenvolgudes fam\u00edlies,<br \/>\nAqu\u00ed podeu gaudir de tots els v\u00eddeos que es van filmar en la celebraci\u00f3 del certamen literari.<br \/>\nL&#8217;Escola<br \/>\nTamb\u00e9 accedireu clicant la imatge:<br \/>\n<a href=\"https:\/\/photos.app.goo.gl\/vDaGpGiw3md29MnJ6\" target=\"_blank\" rel=\"noopener\"><\/a><\/p>\n","protected":false},"author":1,"featured_media":7278,"comment_status":"closed","ping_status":"closed","sticky":false,"template":"","format":"standard","meta":{"_bbp_topic_count":0,"_bbp_reply_count":0,"_bbp_total_topic_count":0,"_bbp_total_reply_count":0,"_bbp_voice_count":0,"_bbp_anonymous_reply_count":0,"_bbp_topic_count_hidden":0,"_bbp_reply_count_hidden":0,"_bbp_forum_subforum_count":0,"footnotes":""},"categories":[71,1,4],"tags":[],"class_list":["post-7277","post","type-post","status-publish","format-standard","has-post-thumbnail","hentry","category-fotosdescola","category-general","category-portada"],"post_mailing_queue_ids":[],"_links":{"self":[{"href":"https:\/\/agora.xtec.cat\/escolagaudisabadell\/wp-json\/wp\/v2\/posts\/7277","targetHints":{"allow":["GET"]}}],"collection":[{"href":"https:\/\/agora.xtec.cat\/escolagaudisabadell\/wp-json\/wp\/v2\/posts"}],"about":[{"href":"https:\/\/agora.xtec.cat\/escolagaudisabadell\/wp-json\/wp\/v2\/types\/post"}],"author":[{"embeddable":true,"href":"https:\/\/agora.xtec.cat\/escolagaudisabadell\/wp-json\/wp\/v2\/users\/1"}],"replies":[{"embeddable":true,"href":"https:\/\/agora.xtec.cat\/escolagaudisabadell\/wp-json\/wp\/v2\/comments?post=7277"}],"version-history":[{"count":3,"href":"https:\/\/agora.xtec.cat\/escolagaudisabadell\/wp-json\/wp\/v2\/posts\/7277\/revisions"}],"predecessor-version":[{"id":7281,"href":"https:\/\/agora.xtec.cat\/escolagaudisabadell\/wp-json\/wp\/v2\/posts\/7277\/revisions\/7281"}],"wp:featuredmedia":[{"embeddable":true,"href":"https:\/\/agora.xtec.cat\/escolagaudisabadell\/wp-json\/wp\/v2\/media\/7278"}],"wp:attachment":[{"href":"https:\/\/agora.xtec.cat\/escolagaudisabadell\/wp-json\/wp\/v2\/media?parent=7277"}],"wp:term":[{"taxonomy":"category","embeddable":true,"href":"https:\/\/agora.xtec.cat\/escolagaudisabadell\/wp-json\/wp\/v2\/categories?post=7277"},{"taxonomy":"post_tag","embeddable":true,"href":"https:\/\/agora.xtec.cat\/escolagaudisabadell\/wp-json\/wp\/v2\/tags?post=7277"}],"curies":[{"name":"wp","href":"https:\/\/api.w.org\/{rel}","templated":true}]}}