{"id":7269,"date":"2024-05-16T12:41:21","date_gmt":"2024-05-16T10:41:21","guid":{"rendered":"https:\/\/agora.xtec.cat\/escolagaudisabadell\/?p=7269"},"modified":"2024-10-31T14:07:19","modified_gmt":"2024-10-31T13:07:19","slug":"excursio-i3-a-lauditori-de-barcelona","status":"publish","type":"post","link":"https:\/\/agora.xtec.cat\/escolagaudisabadell\/general\/excursio-i3-a-lauditori-de-barcelona\/","title":{"rendered":"Excursi\u00f3 I3 a l&#8217;auditori de Barcelona"},"content":{"rendered":"<p>El dimarts 7 de maig, els infants de I3 vam anar a l&#8217;Auditori de Barcelona a veure l&#8217;espectacle &#8220;Ma, Me Mi, Mozart&#8221;. Ens va agradar molt i vam gaudir molt de l&#8217;espectacle. Els m\u00fasics i els instruments els ten\u00edem a tocar i va ser d&#8217;all\u00f2 m\u00e9s divertit poder moure&#8217;ns i ballar al teatre. Despr\u00e9s vam anar a dinar i a passar el dia al Parc de les Morisques. <a href=\"https:\/\/photos.google.com\/u\/1\/share\/AF1QipP6cCR3-oioxSvVB8LCPu3hdk7xG-wghzqqLZ-79tbYoDS1nc7-_vTSvkcawGm9VA\">Aqu\u00ed teniu un recull de fotos!<\/a><\/p>\n","protected":false},"excerpt":{"rendered":"<p>El dimarts 7 de maig, els infants de I3 vam anar a l&#8217;Auditori de Barcelona a veure l&#8217;espectacle &#8220;Ma, Me Mi, Mozart&#8221;. Ens va agradar molt i vam gaudir molt de l&#8217;espectacle. Els m\u00fasics i els instruments els ten\u00edem a tocar i va ser d&#8217;all\u00f2&hellip;  <a href=\"https:\/\/agora.xtec.cat\/escolagaudisabadell\/general\/excursio-i3-a-lauditori-de-barcelona\/\" title=\"Read Excursi\u00f3 I3 a l&#8217;auditori de Barcelona\">Llegeix m\u00e9s\u00bb<\/a><\/p>\n","protected":false},"author":1,"featured_media":7271,"comment_status":"closed","ping_status":"closed","sticky":false,"template":"","format":"standard","meta":{"_bbp_topic_count":0,"_bbp_reply_count":0,"_bbp_total_topic_count":0,"_bbp_total_reply_count":0,"_bbp_voice_count":0,"_bbp_anonymous_reply_count":0,"_bbp_topic_count_hidden":0,"_bbp_reply_count_hidden":0,"_bbp_forum_subforum_count":0,"footnotes":""},"categories":[71,1,2,3,4],"tags":[],"class_list":["post-7269","post","type-post","status-publish","format-standard","has-post-thumbnail","hentry","category-fotosdescola","category-general","category-infantil","category-p3","category-portada"],"post_mailing_queue_ids":[],"_links":{"self":[{"href":"https:\/\/agora.xtec.cat\/escolagaudisabadell\/wp-json\/wp\/v2\/posts\/7269","targetHints":{"allow":["GET"]}}],"collection":[{"href":"https:\/\/agora.xtec.cat\/escolagaudisabadell\/wp-json\/wp\/v2\/posts"}],"about":[{"href":"https:\/\/agora.xtec.cat\/escolagaudisabadell\/wp-json\/wp\/v2\/types\/post"}],"author":[{"embeddable":true,"href":"https:\/\/agora.xtec.cat\/escolagaudisabadell\/wp-json\/wp\/v2\/users\/1"}],"replies":[{"embeddable":true,"href":"https:\/\/agora.xtec.cat\/escolagaudisabadell\/wp-json\/wp\/v2\/comments?post=7269"}],"version-history":[{"count":2,"href":"https:\/\/agora.xtec.cat\/escolagaudisabadell\/wp-json\/wp\/v2\/posts\/7269\/revisions"}],"predecessor-version":[{"id":7502,"href":"https:\/\/agora.xtec.cat\/escolagaudisabadell\/wp-json\/wp\/v2\/posts\/7269\/revisions\/7502"}],"wp:featuredmedia":[{"embeddable":true,"href":"https:\/\/agora.xtec.cat\/escolagaudisabadell\/wp-json\/wp\/v2\/media\/7271"}],"wp:attachment":[{"href":"https:\/\/agora.xtec.cat\/escolagaudisabadell\/wp-json\/wp\/v2\/media?parent=7269"}],"wp:term":[{"taxonomy":"category","embeddable":true,"href":"https:\/\/agora.xtec.cat\/escolagaudisabadell\/wp-json\/wp\/v2\/categories?post=7269"},{"taxonomy":"post_tag","embeddable":true,"href":"https:\/\/agora.xtec.cat\/escolagaudisabadell\/wp-json\/wp\/v2\/tags?post=7269"}],"curies":[{"name":"wp","href":"https:\/\/api.w.org\/{rel}","templated":true}]}}