{"id":7257,"date":"2024-05-15T14:26:58","date_gmt":"2024-05-15T12:26:58","guid":{"rendered":"https:\/\/agora.xtec.cat\/escolagaudisabadell\/?p=7257"},"modified":"2024-05-15T14:27:55","modified_gmt":"2024-05-15T12:27:55","slug":"cs-taekwondo-08-i-09-de-maig","status":"publish","type":"post","link":"https:\/\/agora.xtec.cat\/escolagaudisabadell\/general\/cs-taekwondo-08-i-09-de-maig\/","title":{"rendered":"CS Taekwondo 08 i 09 de maig"},"content":{"rendered":"<p>L&#8217;alumnat de cicle superior va participar a una sessi\u00f3 de Taekwondo que el maestro Valent\u00edn Bernal del gimn\u00e0s Tae-chunkwon (barri Ca n&#8217;Oriac),<span style=\"font-family: inherit;font-size: 1em\"> pare d&#8217;una alumna de l&#8217;escola, va portar a terme.<\/span><\/p>\n<p>Activitat de 5\u00e8:<\/p>\n<p><a href=\"https:\/\/photos.app.goo.gl\/JuWFd9b8uS4YsHHq6\" target=\"_blank\" rel=\"noopener\"><img loading=\"lazy\" decoding=\"async\" class=\"alignnone wp-image-7262\" src=\"https:\/\/agora.xtec.cat\/escolagaudisabadell\/wp-content\/uploads\/usu1563\/2024\/05\/IMG_20240509_152144.jpg\" alt=\"\" width=\"317\" height=\"300\" srcset=\"https:\/\/agora.xtec.cat\/escolagaudisabadell\/wp-content\/uploads\/usu1563\/2024\/05\/IMG_20240509_152144.jpg 858w, https:\/\/agora.xtec.cat\/escolagaudisabadell\/wp-content\/uploads\/usu1563\/2024\/05\/IMG_20240509_152144-300x284.jpg 300w, https:\/\/agora.xtec.cat\/escolagaudisabadell\/wp-content\/uploads\/usu1563\/2024\/05\/IMG_20240509_152144-768x728.jpg 768w\" sizes=\"auto, (max-width: 317px) 100vw, 317px\" \/><\/a><\/p>\n<p>Activitat de 6\u00e8:<\/p>\n<p><a href=\"https:\/\/photos.app.goo.gl\/HzuKR5vxnEsb5jYz9\" target=\"_blank\" rel=\"noopener\"><img loading=\"lazy\" decoding=\"async\" class=\"alignnone wp-image-7260\" src=\"https:\/\/agora.xtec.cat\/escolagaudisabadell\/wp-content\/uploads\/usu1563\/2024\/05\/IMG_20240508_151010-1-1024x635.jpg\" alt=\"\" width=\"348\" height=\"216\" srcset=\"https:\/\/agora.xtec.cat\/escolagaudisabadell\/wp-content\/uploads\/usu1563\/2024\/05\/IMG_20240508_151010-1-1024x635.jpg 1024w, https:\/\/agora.xtec.cat\/escolagaudisabadell\/wp-content\/uploads\/usu1563\/2024\/05\/IMG_20240508_151010-1-300x186.jpg 300w, https:\/\/agora.xtec.cat\/escolagaudisabadell\/wp-content\/uploads\/usu1563\/2024\/05\/IMG_20240508_151010-1-768x477.jpg 768w, https:\/\/agora.xtec.cat\/escolagaudisabadell\/wp-content\/uploads\/usu1563\/2024\/05\/IMG_20240508_151010-1.jpg 1120w\" sizes=\"auto, (max-width: 348px) 100vw, 348px\" \/><\/a><\/p>\n","protected":false},"excerpt":{"rendered":"<p>L&#8217;alumnat de cicle superior va participar a una sessi\u00f3 de Taekwondo que el maestro Valent\u00edn Bernal del gimn\u00e0s Tae-chunkwon (barri Ca n&#8217;Oriac), pare d&#8217;una alumna de l&#8217;escola, va portar a terme.<br \/>\nActivitat de 5\u00e8:<br \/>\n<a href=\"https:\/\/photos.app.goo.gl\/JuWFd9b8uS4YsHHq6\" target=\"_blank\" rel=\"noopener\"><\/a><br \/>\nActivitat de 6\u00e8:<br \/>\n<a href=\"https:\/\/photos.app.goo.gl\/HzuKR5vxnEsb5jYz9\" target=\"_blank\" rel=\"noopener\"><\/a><\/p>\n","protected":false},"author":1,"featured_media":7258,"comment_status":"closed","ping_status":"closed","sticky":false,"template":"","format":"standard","meta":{"_bbp_topic_count":0,"_bbp_reply_count":0,"_bbp_total_topic_count":0,"_bbp_total_reply_count":0,"_bbp_voice_count":0,"_bbp_anonymous_reply_count":0,"_bbp_topic_count_hidden":0,"_bbp_reply_count_hidden":0,"_bbp_forum_subforum_count":0,"footnotes":""},"categories":[14,15,71,1,4],"tags":[],"class_list":["post-7257","post","type-post","status-publish","format-standard","has-post-thumbnail","hentry","category-5e","category-6e","category-fotosdescola","category-general","category-portada"],"post_mailing_queue_ids":[],"_links":{"self":[{"href":"https:\/\/agora.xtec.cat\/escolagaudisabadell\/wp-json\/wp\/v2\/posts\/7257","targetHints":{"allow":["GET"]}}],"collection":[{"href":"https:\/\/agora.xtec.cat\/escolagaudisabadell\/wp-json\/wp\/v2\/posts"}],"about":[{"href":"https:\/\/agora.xtec.cat\/escolagaudisabadell\/wp-json\/wp\/v2\/types\/post"}],"author":[{"embeddable":true,"href":"https:\/\/agora.xtec.cat\/escolagaudisabadell\/wp-json\/wp\/v2\/users\/1"}],"replies":[{"embeddable":true,"href":"https:\/\/agora.xtec.cat\/escolagaudisabadell\/wp-json\/wp\/v2\/comments?post=7257"}],"version-history":[{"count":4,"href":"https:\/\/agora.xtec.cat\/escolagaudisabadell\/wp-json\/wp\/v2\/posts\/7257\/revisions"}],"predecessor-version":[{"id":7264,"href":"https:\/\/agora.xtec.cat\/escolagaudisabadell\/wp-json\/wp\/v2\/posts\/7257\/revisions\/7264"}],"wp:featuredmedia":[{"embeddable":true,"href":"https:\/\/agora.xtec.cat\/escolagaudisabadell\/wp-json\/wp\/v2\/media\/7258"}],"wp:attachment":[{"href":"https:\/\/agora.xtec.cat\/escolagaudisabadell\/wp-json\/wp\/v2\/media?parent=7257"}],"wp:term":[{"taxonomy":"category","embeddable":true,"href":"https:\/\/agora.xtec.cat\/escolagaudisabadell\/wp-json\/wp\/v2\/categories?post=7257"},{"taxonomy":"post_tag","embeddable":true,"href":"https:\/\/agora.xtec.cat\/escolagaudisabadell\/wp-json\/wp\/v2\/tags?post=7257"}],"curies":[{"name":"wp","href":"https:\/\/api.w.org\/{rel}","templated":true}]}}