{"id":7217,"date":"2024-04-25T14:00:13","date_gmt":"2024-04-25T12:00:13","guid":{"rendered":"https:\/\/agora.xtec.cat\/escolagaudisabadell\/?p=7217"},"modified":"2024-04-25T14:00:13","modified_gmt":"2024-04-25T12:00:13","slug":"i5-les-princeses-i-els-pesols-marc-2024","status":"publish","type":"post","link":"https:\/\/agora.xtec.cat\/escolagaudisabadell\/portada\/i5-les-princeses-i-els-pesols-marc-2024\/","title":{"rendered":"I5 Les princeses i els p\u00e8sols mar\u00e7 2024"},"content":{"rendered":"<p>El passat mes de mar\u00e7, l&#8217;alumnat d&#8217;educaci\u00f3 infantil i cicle inicial van representar l&#8217;obra de teatre &#8220;Les princeses i els p\u00e8sols&#8221;. Aqu\u00ed teniu el v\u00eddeo de l&#8217;actuaci\u00f3 d&#8217;I5.<\/p>\n<p class=\"hide-if-no-js\" style=\"text-align: center\"><a id=\"set-post-thumbnail\" class=\"thickbox\" href=\"https:\/\/photos.app.goo.gl\/CQtFJS8Q9Bxq5bCT8\" aria-describedby=\"set-post-thumbnail-desc\"><img loading=\"lazy\" decoding=\"async\" class=\"attachment-266x266 alignnone\" src=\"https:\/\/agora.xtec.cat\/escolagaudisabadell\/wp-content\/uploads\/usu1563\/2024\/04\/Portada-1.png\" alt=\"\" width=\"266\" height=\"150\" \/><\/a><\/p>\n","protected":false},"excerpt":{"rendered":"<p>El passat mes de mar\u00e7, l&#8217;alumnat d&#8217;educaci\u00f3 infantil i cicle inicial van representar l&#8217;obra de teatre &#8220;Les princeses i els p\u00e8sols&#8221;. Aqu\u00ed teniu el v\u00eddeo de l&#8217;actuaci\u00f3 d&#8217;I5.<br \/>\n<a id=\"set-post-thumbnail\" class=\"thickbox\" href=\"https:\/\/photos.app.goo.gl\/CQtFJS8Q9Bxq5bCT8\" aria-describedby=\"set-post-thumbnail-desc\"><\/a><\/p>\n","protected":false},"author":3,"featured_media":7211,"comment_status":"closed","ping_status":"closed","sticky":false,"template":"","format":"standard","meta":{"_bbp_topic_count":0,"_bbp_reply_count":0,"_bbp_total_topic_count":0,"_bbp_total_reply_count":0,"_bbp_voice_count":0,"_bbp_anonymous_reply_count":0,"_bbp_topic_count_hidden":0,"_bbp_reply_count_hidden":0,"_bbp_forum_subforum_count":0,"footnotes":""},"categories":[71,9,4],"tags":[],"class_list":["post-7217","post","type-post","status-publish","format-standard","has-post-thumbnail","hentry","category-fotosdescola","category-p5","category-portada"],"post_mailing_queue_ids":[],"_links":{"self":[{"href":"https:\/\/agora.xtec.cat\/escolagaudisabadell\/wp-json\/wp\/v2\/posts\/7217","targetHints":{"allow":["GET"]}}],"collection":[{"href":"https:\/\/agora.xtec.cat\/escolagaudisabadell\/wp-json\/wp\/v2\/posts"}],"about":[{"href":"https:\/\/agora.xtec.cat\/escolagaudisabadell\/wp-json\/wp\/v2\/types\/post"}],"author":[{"embeddable":true,"href":"https:\/\/agora.xtec.cat\/escolagaudisabadell\/wp-json\/wp\/v2\/users\/3"}],"replies":[{"embeddable":true,"href":"https:\/\/agora.xtec.cat\/escolagaudisabadell\/wp-json\/wp\/v2\/comments?post=7217"}],"version-history":[{"count":1,"href":"https:\/\/agora.xtec.cat\/escolagaudisabadell\/wp-json\/wp\/v2\/posts\/7217\/revisions"}],"predecessor-version":[{"id":7218,"href":"https:\/\/agora.xtec.cat\/escolagaudisabadell\/wp-json\/wp\/v2\/posts\/7217\/revisions\/7218"}],"wp:featuredmedia":[{"embeddable":true,"href":"https:\/\/agora.xtec.cat\/escolagaudisabadell\/wp-json\/wp\/v2\/media\/7211"}],"wp:attachment":[{"href":"https:\/\/agora.xtec.cat\/escolagaudisabadell\/wp-json\/wp\/v2\/media?parent=7217"}],"wp:term":[{"taxonomy":"category","embeddable":true,"href":"https:\/\/agora.xtec.cat\/escolagaudisabadell\/wp-json\/wp\/v2\/categories?post=7217"},{"taxonomy":"post_tag","embeddable":true,"href":"https:\/\/agora.xtec.cat\/escolagaudisabadell\/wp-json\/wp\/v2\/tags?post=7217"}],"curies":[{"name":"wp","href":"https:\/\/api.w.org\/{rel}","templated":true}]}}