{"id":7195,"date":"2024-04-17T13:50:57","date_gmt":"2024-04-17T11:50:57","guid":{"rendered":"https:\/\/agora.xtec.cat\/escolagaudisabadell\/?p=7195"},"modified":"2024-04-17T15:45:59","modified_gmt":"2024-04-17T13:45:59","slug":"beques-menjador-curs-2024-2025","status":"publish","type":"post","link":"https:\/\/agora.xtec.cat\/escolagaudisabadell\/general\/beques-menjador-curs-2024-2025\/","title":{"rendered":"BEQUES MENJADOR CURS 2024-2025"},"content":{"rendered":"<p>&nbsp;<\/p>\n<p>Benvolgudes fam\u00edlies,<\/p>\n<p>Us informem que s&#8217;ha OBERT la\u00a0<strong>CONVOCAT\u00d2RIA D&#8217;AJUTS DE MENJADOR ESCOLAR PEL CURS 2024-25.<\/strong><\/p>\n<p>El calendari per poder sol\u00b7licitar-lo \u00e9s del 15 d&#8217;abril al 15 de maig de 2024.<\/p>\n<p>Podeu fer la sol\u00b7licitud per Internet amb l&#8217;IdCat M\u00f2bil o demanar cita pr\u00e8via clicant en aquest enlla\u00e7: <a href=\"https:\/\/app.dinantia.com\/api\/system\/track_link\/W2Iy8UiSr2aR\/12736358?original_url=https%3A%2F%2Fcitaprevia.sabadell.cat%2FQSIGE%2Fapps%2Fcitaprevia%2Findex.html%23%21%2Fhome\" target=\"_blank\" rel=\"noreferrer noopener\" data-saferedirecturl=\"https:\/\/www.google.com\/url?q=https:\/\/app.dinantia.com\/api\/system\/track_link\/W2Iy8UiSr2aR\/12736358?original_url%3Dhttps%253A%252F%252Fcitaprevia.sabadell.cat%252FQSIGE%252Fapps%252Fcitaprevia%252Findex.html%2523%2521%252Fhome&amp;source=gmail&amp;ust=1713429379942000&amp;usg=AOvVaw2aFAzLE7Rycf1DzOZ7QdT8\">Enlla\u00e7 cita pr\u00e8via<\/a><\/p>\n<p>Per qualsevol dubte dirigiu-vos a l&#8217;escola i demaneu per la Irene.<\/p>\n<p>EN BREU ES DUR\u00c0 A TERME UNA REUNI\u00d3 PER INFORMAR-VOS DE LA BECA DE MATERIAL I EL XEC ESCOLAR DEL CURS VINENT.<\/p>\n<p>Gr\u00e0cies,<\/p>\n","protected":false},"excerpt":{"rendered":"<p>&nbsp;<br \/>\nBenvolgudes fam\u00edlies,<br \/>\nUs informem que s&#8217;ha OBERT la\u00a0CONVOCAT\u00d2RIA D&#8217;AJUTS DE MENJADOR ESCOLAR PEL CURS 2024-25.<br \/>\nEl calendari per poder sol\u00b7licitar-lo \u00e9s del 15 d&#8217;abril al 15 de maig de 2024.<br \/>\nPodeu fer la sol\u00b7licitud per Internet amb l&#8217;IdCat M\u00f2bil o demanar cita pr\u00e8via clicant en aquest enlla\u00e7: <a&hellip;  <a href=\"https:\/\/agora.xtec.cat\/escolagaudisabadell\/general\/beques-menjador-curs-2024-2025\/\" title=\"Read BEQUES MENJADOR CURS 2024-2025\">Llegeix m\u00e9s\u00bb<\/a><\/p>\n","protected":false},"author":1,"featured_media":0,"comment_status":"open","ping_status":"closed","sticky":false,"template":"","format":"standard","meta":{"_bbp_topic_count":0,"_bbp_reply_count":0,"_bbp_total_topic_count":0,"_bbp_total_reply_count":0,"_bbp_voice_count":0,"_bbp_anonymous_reply_count":0,"_bbp_topic_count_hidden":0,"_bbp_reply_count_hidden":0,"_bbp_forum_subforum_count":0,"footnotes":""},"categories":[1],"tags":[],"class_list":["post-7195","post","type-post","status-publish","format-standard","hentry","category-general"],"post_mailing_queue_ids":[],"_links":{"self":[{"href":"https:\/\/agora.xtec.cat\/escolagaudisabadell\/wp-json\/wp\/v2\/posts\/7195","targetHints":{"allow":["GET"]}}],"collection":[{"href":"https:\/\/agora.xtec.cat\/escolagaudisabadell\/wp-json\/wp\/v2\/posts"}],"about":[{"href":"https:\/\/agora.xtec.cat\/escolagaudisabadell\/wp-json\/wp\/v2\/types\/post"}],"author":[{"embeddable":true,"href":"https:\/\/agora.xtec.cat\/escolagaudisabadell\/wp-json\/wp\/v2\/users\/1"}],"replies":[{"embeddable":true,"href":"https:\/\/agora.xtec.cat\/escolagaudisabadell\/wp-json\/wp\/v2\/comments?post=7195"}],"version-history":[{"count":3,"href":"https:\/\/agora.xtec.cat\/escolagaudisabadell\/wp-json\/wp\/v2\/posts\/7195\/revisions"}],"predecessor-version":[{"id":7198,"href":"https:\/\/agora.xtec.cat\/escolagaudisabadell\/wp-json\/wp\/v2\/posts\/7195\/revisions\/7198"}],"wp:attachment":[{"href":"https:\/\/agora.xtec.cat\/escolagaudisabadell\/wp-json\/wp\/v2\/media?parent=7195"}],"wp:term":[{"taxonomy":"category","embeddable":true,"href":"https:\/\/agora.xtec.cat\/escolagaudisabadell\/wp-json\/wp\/v2\/categories?post=7195"},{"taxonomy":"post_tag","embeddable":true,"href":"https:\/\/agora.xtec.cat\/escolagaudisabadell\/wp-json\/wp\/v2\/tags?post=7195"}],"curies":[{"name":"wp","href":"https:\/\/api.w.org\/{rel}","templated":true}]}}