{"id":7152,"date":"2024-02-09T12:58:16","date_gmt":"2024-02-09T11:58:16","guid":{"rendered":"https:\/\/agora.xtec.cat\/escolagaudisabadell\/?p=7152"},"modified":"2024-04-11T13:55:46","modified_gmt":"2024-04-11T11:55:46","slug":"carnestoltes","status":"publish","type":"post","link":"https:\/\/agora.xtec.cat\/escolagaudisabadell\/primaria\/4t\/carnestoltes\/","title":{"rendered":"Carnestoltes"},"content":{"rendered":"<p>Aqu\u00ed teniu les divertides fotos que ens vam fer en durant la celebraci\u00f3 de Carnestoltes! Cliqueu a la imatge per veure m\u00e9s fotos.<\/p>\n<p><a href=\"https:\/\/photos.app.goo.gl\/V88XpBetAMBaStFr6\"><img loading=\"lazy\" decoding=\"async\" class=\"size-full wp-image-7153 aligncenter\" src=\"https:\/\/agora.xtec.cat\/escolagaudisabadell\/wp-content\/uploads\/usu1563\/2024\/04\/IMG_20240209_151109.jpg\" alt=\"\" width=\"1024\" height=\"766\" srcset=\"https:\/\/agora.xtec.cat\/escolagaudisabadell\/wp-content\/uploads\/usu1563\/2024\/04\/IMG_20240209_151109.jpg 1024w, https:\/\/agora.xtec.cat\/escolagaudisabadell\/wp-content\/uploads\/usu1563\/2024\/04\/IMG_20240209_151109-300x224.jpg 300w, https:\/\/agora.xtec.cat\/escolagaudisabadell\/wp-content\/uploads\/usu1563\/2024\/04\/IMG_20240209_151109-768x575.jpg 768w, https:\/\/agora.xtec.cat\/escolagaudisabadell\/wp-content\/uploads\/usu1563\/2024\/04\/IMG_20240209_151109-200x150.jpg 200w\" sizes=\"auto, (max-width: 1024px) 100vw, 1024px\" \/><\/a><\/p>\n<p>&nbsp;<\/p>\n<p>&nbsp;<\/p>\n","protected":false},"excerpt":{"rendered":"<p>Aqu\u00ed teniu les divertides fotos que ens vam fer en durant la celebraci\u00f3 de Carnestoltes! Cliqueu a la imatge per veure m\u00e9s fotos.<br \/>\n<a href=\"https:\/\/photos.app.goo.gl\/V88XpBetAMBaStFr6\"><\/a><br \/>\n&nbsp;<br \/>\n&nbsp;<\/p>\n","protected":false},"author":1,"featured_media":0,"comment_status":"open","ping_status":"closed","sticky":false,"template":"","format":"standard","meta":{"_bbp_topic_count":0,"_bbp_reply_count":0,"_bbp_total_topic_count":0,"_bbp_total_reply_count":0,"_bbp_voice_count":0,"_bbp_anonymous_reply_count":0,"_bbp_topic_count_hidden":0,"_bbp_reply_count_hidden":0,"_bbp_forum_subforum_count":0,"footnotes":""},"categories":[13],"tags":[],"class_list":["post-7152","post","type-post","status-publish","format-standard","hentry","category-4t"],"post_mailing_queue_ids":[],"_links":{"self":[{"href":"https:\/\/agora.xtec.cat\/escolagaudisabadell\/wp-json\/wp\/v2\/posts\/7152","targetHints":{"allow":["GET"]}}],"collection":[{"href":"https:\/\/agora.xtec.cat\/escolagaudisabadell\/wp-json\/wp\/v2\/posts"}],"about":[{"href":"https:\/\/agora.xtec.cat\/escolagaudisabadell\/wp-json\/wp\/v2\/types\/post"}],"author":[{"embeddable":true,"href":"https:\/\/agora.xtec.cat\/escolagaudisabadell\/wp-json\/wp\/v2\/users\/1"}],"replies":[{"embeddable":true,"href":"https:\/\/agora.xtec.cat\/escolagaudisabadell\/wp-json\/wp\/v2\/comments?post=7152"}],"version-history":[{"count":1,"href":"https:\/\/agora.xtec.cat\/escolagaudisabadell\/wp-json\/wp\/v2\/posts\/7152\/revisions"}],"predecessor-version":[{"id":7154,"href":"https:\/\/agora.xtec.cat\/escolagaudisabadell\/wp-json\/wp\/v2\/posts\/7152\/revisions\/7154"}],"wp:attachment":[{"href":"https:\/\/agora.xtec.cat\/escolagaudisabadell\/wp-json\/wp\/v2\/media?parent=7152"}],"wp:term":[{"taxonomy":"category","embeddable":true,"href":"https:\/\/agora.xtec.cat\/escolagaudisabadell\/wp-json\/wp\/v2\/categories?post=7152"},{"taxonomy":"post_tag","embeddable":true,"href":"https:\/\/agora.xtec.cat\/escolagaudisabadell\/wp-json\/wp\/v2\/tags?post=7152"}],"curies":[{"name":"wp","href":"https:\/\/api.w.org\/{rel}","templated":true}]}}