{"id":7121,"date":"2024-03-13T12:09:27","date_gmt":"2024-03-13T11:09:27","guid":{"rendered":"https:\/\/agora.xtec.cat\/escolagaudisabadell\/?p=7121"},"modified":"2024-03-13T12:09:27","modified_gmt":"2024-03-13T11:09:27","slug":"ei-ci-presentacio-de-lobra-de-teatre-princeses-i-pesols-12-03-2024","status":"publish","type":"post","link":"https:\/\/agora.xtec.cat\/escolagaudisabadell\/general\/ei-ci-presentacio-de-lobra-de-teatre-princeses-i-pesols-12-03-2024\/","title":{"rendered":"EI &#038; CI: Presentaci\u00f3 de l&#8217;obra de teatre: &#8220;Princeses i p\u00e8sols&#8221; 12\/03\/2024"},"content":{"rendered":"<p style=\"text-align: center;\"><a href=\"https:\/\/photos.app.goo.gl\/Uzzc9dVvKr65zbiW7\" target=\"_blank\" rel=\"noopener\"><img loading=\"lazy\" decoding=\"async\" class=\"alignnone size-large wp-image-7122\" src=\"https:\/\/agora.xtec.cat\/escolagaudisabadell\/wp-content\/uploads\/usu1563\/2024\/03\/Portada-1024x578.png\" alt=\"\" width=\"1024\" height=\"578\" srcset=\"https:\/\/agora.xtec.cat\/escolagaudisabadell\/wp-content\/uploads\/usu1563\/2024\/03\/Portada-1024x578.png 1024w, https:\/\/agora.xtec.cat\/escolagaudisabadell\/wp-content\/uploads\/usu1563\/2024\/03\/Portada-300x169.png 300w, https:\/\/agora.xtec.cat\/escolagaudisabadell\/wp-content\/uploads\/usu1563\/2024\/03\/Portada-768x434.png 768w, https:\/\/agora.xtec.cat\/escolagaudisabadell\/wp-content\/uploads\/usu1563\/2024\/03\/Portada.png 1275w\" sizes=\"auto, (max-width: 1024px) 100vw, 1024px\" \/><\/a><\/p>\n<p style=\"text-align: center;\">Aqu\u00ed teniu una breu presentaci\u00f3 dels preparatius que s&#8217;estan fent per tal de poder-vos oferir l&#8217;obra de teatre que porta aquest t\u00edtol i delectar-vos amb l&#8217;actuaci\u00f3 magn\u00edfica dels nostres alumnes d&#8217;Educaci\u00f3 Infantil d&#8217;I3, I4 i I5, i els nostres alumnes de Cicle Inicial d&#8217;Educaci\u00f3 Prim\u00e0ria 1r i 2n.<\/p>\n<p style=\"text-align: center;\">Esperem, que aquestes imatges us agradin i us facin tenir moltes ganes de veure l&#8217;espectacle. Gr\u00e0cies!!<\/p>\n","protected":false},"excerpt":{"rendered":"<p><a href=\"https:\/\/photos.app.goo.gl\/Uzzc9dVvKr65zbiW7\" target=\"_blank\" rel=\"noopener\"><\/a><br \/>\nAqu\u00ed teniu una breu presentaci\u00f3 dels preparatius que s&#8217;estan fent per tal de poder-vos oferir l&#8217;obra de teatre que porta aquest t\u00edtol i delectar-vos amb l&#8217;actuaci\u00f3 magn\u00edfica dels nostres alumnes d&#8217;Educaci\u00f3 Infantil d&#8217;I3, I4 i I5, i els nostres alumnes de Cicle&hellip;  <a href=\"https:\/\/agora.xtec.cat\/escolagaudisabadell\/general\/ei-ci-presentacio-de-lobra-de-teatre-princeses-i-pesols-12-03-2024\/\" title=\"Read EI &#038; CI: Presentaci\u00f3 de l&#8217;obra de teatre: &#8220;Princeses i p\u00e8sols&#8221; 12\/03\/2024\">Llegeix m\u00e9s\u00bb<\/a><\/p>\n","protected":false},"author":1,"featured_media":7122,"comment_status":"closed","ping_status":"closed","sticky":false,"template":"","format":"standard","meta":{"_bbp_topic_count":0,"_bbp_reply_count":0,"_bbp_total_topic_count":0,"_bbp_total_reply_count":0,"_bbp_voice_count":0,"_bbp_anonymous_reply_count":0,"_bbp_topic_count_hidden":0,"_bbp_reply_count_hidden":0,"_bbp_forum_subforum_count":0,"footnotes":""},"categories":[10,11,71,1,2,4],"tags":[],"class_list":["post-7121","post","type-post","status-publish","format-standard","has-post-thumbnail","hentry","category-1r","category-2n","category-fotosdescola","category-general","category-infantil","category-portada"],"post_mailing_queue_ids":[],"_links":{"self":[{"href":"https:\/\/agora.xtec.cat\/escolagaudisabadell\/wp-json\/wp\/v2\/posts\/7121","targetHints":{"allow":["GET"]}}],"collection":[{"href":"https:\/\/agora.xtec.cat\/escolagaudisabadell\/wp-json\/wp\/v2\/posts"}],"about":[{"href":"https:\/\/agora.xtec.cat\/escolagaudisabadell\/wp-json\/wp\/v2\/types\/post"}],"author":[{"embeddable":true,"href":"https:\/\/agora.xtec.cat\/escolagaudisabadell\/wp-json\/wp\/v2\/users\/1"}],"replies":[{"embeddable":true,"href":"https:\/\/agora.xtec.cat\/escolagaudisabadell\/wp-json\/wp\/v2\/comments?post=7121"}],"version-history":[{"count":2,"href":"https:\/\/agora.xtec.cat\/escolagaudisabadell\/wp-json\/wp\/v2\/posts\/7121\/revisions"}],"predecessor-version":[{"id":7124,"href":"https:\/\/agora.xtec.cat\/escolagaudisabadell\/wp-json\/wp\/v2\/posts\/7121\/revisions\/7124"}],"wp:featuredmedia":[{"embeddable":true,"href":"https:\/\/agora.xtec.cat\/escolagaudisabadell\/wp-json\/wp\/v2\/media\/7122"}],"wp:attachment":[{"href":"https:\/\/agora.xtec.cat\/escolagaudisabadell\/wp-json\/wp\/v2\/media?parent=7121"}],"wp:term":[{"taxonomy":"category","embeddable":true,"href":"https:\/\/agora.xtec.cat\/escolagaudisabadell\/wp-json\/wp\/v2\/categories?post=7121"},{"taxonomy":"post_tag","embeddable":true,"href":"https:\/\/agora.xtec.cat\/escolagaudisabadell\/wp-json\/wp\/v2\/tags?post=7121"}],"curies":[{"name":"wp","href":"https:\/\/api.w.org\/{rel}","templated":true}]}}