{"id":7113,"date":"2024-03-08T09:52:24","date_gmt":"2024-03-08T08:52:24","guid":{"rendered":"https:\/\/agora.xtec.cat\/escolagaudisabadell\/?p=7113"},"modified":"2024-03-08T09:56:35","modified_gmt":"2024-03-08T08:56:35","slug":"tarda-amb-families-taller-kappla","status":"publish","type":"post","link":"https:\/\/agora.xtec.cat\/escolagaudisabadell\/general\/tarda-amb-families-taller-kappla\/","title":{"rendered":"Tarda amb fam\u00edlies: Taller Kappla"},"content":{"rendered":"<p>El dijous 7 de mar\u00e7 a partir de les 16:30 h es va portar a terme la segona activitat de &#8220;<em>Tardes amb fam\u00edlies&#8221;: taller Kappla.<\/em> Les fam\u00edlies i infants van gaudir amb l&#8217;experi\u00e8ncia i van passar una tarda compartint experi\u00e8ncies. Aqu\u00ed teniu un recull de fotos.<\/p>\n<p style=\"text-align: center;\"><a href=\"https:\/\/photos.app.goo.gl\/FaY2dffBPVjujhQZA\" target=\"_blank\" rel=\"noopener\"><img loading=\"lazy\" decoding=\"async\" class=\"alignnone size-full wp-image-7115\" src=\"https:\/\/agora.xtec.cat\/escolagaudisabadell\/wp-content\/uploads\/usu1563\/2024\/03\/portada-2.jpg\" alt=\"\" width=\"406\" height=\"238\" srcset=\"https:\/\/agora.xtec.cat\/escolagaudisabadell\/wp-content\/uploads\/usu1563\/2024\/03\/portada-2.jpg 406w, https:\/\/agora.xtec.cat\/escolagaudisabadell\/wp-content\/uploads\/usu1563\/2024\/03\/portada-2-300x176.jpg 300w\" sizes=\"auto, (max-width: 406px) 100vw, 406px\" \/><\/a><\/p>\n<p><img loading=\"lazy\" decoding=\"async\" class=\"wp-image-7118 aligncenter\" src=\"https:\/\/agora.xtec.cat\/escolagaudisabadell\/wp-content\/uploads\/usu1563\/2024\/03\/logos-pmoe-1024x114.png\" alt=\"\" width=\"484\" height=\"54\" srcset=\"https:\/\/agora.xtec.cat\/escolagaudisabadell\/wp-content\/uploads\/usu1563\/2024\/03\/logos-pmoe-1024x114.png 1024w, https:\/\/agora.xtec.cat\/escolagaudisabadell\/wp-content\/uploads\/usu1563\/2024\/03\/logos-pmoe-300x33.png 300w, https:\/\/agora.xtec.cat\/escolagaudisabadell\/wp-content\/uploads\/usu1563\/2024\/03\/logos-pmoe-768x85.png 768w, https:\/\/agora.xtec.cat\/escolagaudisabadell\/wp-content\/uploads\/usu1563\/2024\/03\/logos-pmoe-1536x170.png 1536w, https:\/\/agora.xtec.cat\/escolagaudisabadell\/wp-content\/uploads\/usu1563\/2024\/03\/logos-pmoe.png 1541w\" sizes=\"auto, (max-width: 484px) 100vw, 484px\" \/><\/p>\n","protected":false},"excerpt":{"rendered":"<p>El dijous 7 de mar\u00e7 a partir de les 16:30 h es va portar a terme la segona activitat de &#8220;Tardes amb fam\u00edlies&#8221;: taller Kappla. Les fam\u00edlies i infants van gaudir amb l&#8217;experi\u00e8ncia i van passar una tarda compartint experi\u00e8ncies. Aqu\u00ed teniu un recull de&hellip;  <a href=\"https:\/\/agora.xtec.cat\/escolagaudisabadell\/general\/tarda-amb-families-taller-kappla\/\" title=\"Read Tarda amb fam\u00edlies: Taller Kappla\">Llegeix m\u00e9s\u00bb<\/a><\/p>\n","protected":false},"author":1,"featured_media":7115,"comment_status":"open","ping_status":"closed","sticky":false,"template":"","format":"standard","meta":{"_bbp_topic_count":0,"_bbp_reply_count":0,"_bbp_total_topic_count":0,"_bbp_total_reply_count":0,"_bbp_voice_count":0,"_bbp_anonymous_reply_count":0,"_bbp_topic_count_hidden":0,"_bbp_reply_count_hidden":0,"_bbp_forum_subforum_count":0,"footnotes":""},"categories":[71,1,4],"tags":[],"class_list":["post-7113","post","type-post","status-publish","format-standard","has-post-thumbnail","hentry","category-fotosdescola","category-general","category-portada"],"post_mailing_queue_ids":[],"_links":{"self":[{"href":"https:\/\/agora.xtec.cat\/escolagaudisabadell\/wp-json\/wp\/v2\/posts\/7113","targetHints":{"allow":["GET"]}}],"collection":[{"href":"https:\/\/agora.xtec.cat\/escolagaudisabadell\/wp-json\/wp\/v2\/posts"}],"about":[{"href":"https:\/\/agora.xtec.cat\/escolagaudisabadell\/wp-json\/wp\/v2\/types\/post"}],"author":[{"embeddable":true,"href":"https:\/\/agora.xtec.cat\/escolagaudisabadell\/wp-json\/wp\/v2\/users\/1"}],"replies":[{"embeddable":true,"href":"https:\/\/agora.xtec.cat\/escolagaudisabadell\/wp-json\/wp\/v2\/comments?post=7113"}],"version-history":[{"count":2,"href":"https:\/\/agora.xtec.cat\/escolagaudisabadell\/wp-json\/wp\/v2\/posts\/7113\/revisions"}],"predecessor-version":[{"id":7119,"href":"https:\/\/agora.xtec.cat\/escolagaudisabadell\/wp-json\/wp\/v2\/posts\/7113\/revisions\/7119"}],"wp:featuredmedia":[{"embeddable":true,"href":"https:\/\/agora.xtec.cat\/escolagaudisabadell\/wp-json\/wp\/v2\/media\/7115"}],"wp:attachment":[{"href":"https:\/\/agora.xtec.cat\/escolagaudisabadell\/wp-json\/wp\/v2\/media?parent=7113"}],"wp:term":[{"taxonomy":"category","embeddable":true,"href":"https:\/\/agora.xtec.cat\/escolagaudisabadell\/wp-json\/wp\/v2\/categories?post=7113"},{"taxonomy":"post_tag","embeddable":true,"href":"https:\/\/agora.xtec.cat\/escolagaudisabadell\/wp-json\/wp\/v2\/tags?post=7113"}],"curies":[{"name":"wp","href":"https:\/\/api.w.org\/{rel}","templated":true}]}}