{"id":7087,"date":"2024-03-03T17:20:48","date_gmt":"2024-03-03T16:20:48","guid":{"rendered":"https:\/\/agora.xtec.cat\/escolagaudisabadell\/?p=7087"},"modified":"2024-03-03T17:48:49","modified_gmt":"2024-03-03T16:48:49","slug":"anem-a-la-granja","status":"publish","type":"post","link":"https:\/\/agora.xtec.cat\/escolagaudisabadell\/infantil\/anem-a-la-granja\/","title":{"rendered":"ANEM A LA GRANJA"},"content":{"rendered":"<p>El dijous 22 de febrer, tots els nens i nenes d&#8217;infantil, vam anar d&#8217;excursi\u00f3 a la Granja!<\/p>\n<p>All\u00e0 vam poder veure i tocar molts animalets, vam pujar a un carro de cavalls, ens van explicar la hist\u00f2ria de la vaca Clementina, vam travessar la porta m\u00e0gica del bosc i se&#8217;ns va apar\u00e8ixer un follet, vam descobrir el bosc dels tions.<\/p>\n<p>Ens ho vam passar superb\u00e9 i en tornar\u00a0 est\u00e0vem tan cansats que alguns ens vam adormir a l&#8217;autocar.<\/p>\n<p>Podeu veure m\u00e9s imatges i algun v\u00eddeo clicant sobre la foto.<\/p>\n<p><a href=\"https:\/\/photos.app.goo.gl\/bFhDH2hr13V6dwvx7\"><img loading=\"lazy\" decoding=\"async\" class=\"alignnone size-medium wp-image-7094\" src=\"https:\/\/agora.xtec.cat\/escolagaudisabadell\/wp-content\/uploads\/usu1563\/2024\/03\/Follet-del-bosc-1-300x207.jpg\" alt=\"\" width=\"300\" height=\"207\" srcset=\"https:\/\/agora.xtec.cat\/escolagaudisabadell\/wp-content\/uploads\/usu1563\/2024\/03\/Follet-del-bosc-1-300x207.jpg 300w, https:\/\/agora.xtec.cat\/escolagaudisabadell\/wp-content\/uploads\/usu1563\/2024\/03\/Follet-del-bosc-1-768x531.jpg 768w, https:\/\/agora.xtec.cat\/escolagaudisabadell\/wp-content\/uploads\/usu1563\/2024\/03\/Follet-del-bosc-1.jpg 845w\" sizes=\"auto, (max-width: 300px) 100vw, 300px\" \/><\/a><\/p>\n","protected":false},"excerpt":{"rendered":"<p>El dijous 22 de febrer, tots els nens i nenes d&#8217;infantil, vam anar d&#8217;excursi\u00f3 a la Granja!<br \/>\nAll\u00e0 vam poder veure i tocar molts animalets, vam pujar a un carro de cavalls, ens van explicar la hist\u00f2ria de la vaca Clementina, vam travessar la porta m\u00e0gica&hellip;  <a href=\"https:\/\/agora.xtec.cat\/escolagaudisabadell\/infantil\/anem-a-la-granja\/\" title=\"Read ANEM A LA GRANJA\">Llegeix m\u00e9s\u00bb<\/a><\/p>\n","protected":false},"author":1,"featured_media":0,"comment_status":"open","ping_status":"closed","sticky":false,"template":"","format":"standard","meta":{"_bbp_topic_count":0,"_bbp_reply_count":0,"_bbp_total_topic_count":0,"_bbp_total_reply_count":0,"_bbp_voice_count":0,"_bbp_anonymous_reply_count":0,"_bbp_topic_count_hidden":0,"_bbp_reply_count_hidden":0,"_bbp_forum_subforum_count":0,"footnotes":""},"categories":[2],"tags":[],"class_list":["post-7087","post","type-post","status-publish","format-standard","hentry","category-infantil"],"post_mailing_queue_ids":[],"_links":{"self":[{"href":"https:\/\/agora.xtec.cat\/escolagaudisabadell\/wp-json\/wp\/v2\/posts\/7087","targetHints":{"allow":["GET"]}}],"collection":[{"href":"https:\/\/agora.xtec.cat\/escolagaudisabadell\/wp-json\/wp\/v2\/posts"}],"about":[{"href":"https:\/\/agora.xtec.cat\/escolagaudisabadell\/wp-json\/wp\/v2\/types\/post"}],"author":[{"embeddable":true,"href":"https:\/\/agora.xtec.cat\/escolagaudisabadell\/wp-json\/wp\/v2\/users\/1"}],"replies":[{"embeddable":true,"href":"https:\/\/agora.xtec.cat\/escolagaudisabadell\/wp-json\/wp\/v2\/comments?post=7087"}],"version-history":[{"count":6,"href":"https:\/\/agora.xtec.cat\/escolagaudisabadell\/wp-json\/wp\/v2\/posts\/7087\/revisions"}],"predecessor-version":[{"id":7098,"href":"https:\/\/agora.xtec.cat\/escolagaudisabadell\/wp-json\/wp\/v2\/posts\/7087\/revisions\/7098"}],"wp:attachment":[{"href":"https:\/\/agora.xtec.cat\/escolagaudisabadell\/wp-json\/wp\/v2\/media?parent=7087"}],"wp:term":[{"taxonomy":"category","embeddable":true,"href":"https:\/\/agora.xtec.cat\/escolagaudisabadell\/wp-json\/wp\/v2\/categories?post=7087"},{"taxonomy":"post_tag","embeddable":true,"href":"https:\/\/agora.xtec.cat\/escolagaudisabadell\/wp-json\/wp\/v2\/tags?post=7087"}],"curies":[{"name":"wp","href":"https:\/\/api.w.org\/{rel}","templated":true}]}}