{"id":7056,"date":"2024-02-21T19:53:57","date_gmt":"2024-02-21T18:53:57","guid":{"rendered":"https:\/\/agora.xtec.cat\/escolagaudisabadell\/?p=7056"},"modified":"2024-02-21T19:53:57","modified_gmt":"2024-02-21T18:53:57","slug":"1r-treballem-les-emocions-2n-tr-24","status":"publish","type":"post","link":"https:\/\/agora.xtec.cat\/escolagaudisabadell\/general\/1r-treballem-les-emocions-2n-tr-24\/","title":{"rendered":"1r Treballem les emocions 2n tr 24"},"content":{"rendered":"<p>Com ja sabeu, aquest curs l&#8217;eix transversal \u00e9s &#8220;Visc a les emocions&#8221;. Hem estat parlant de les diferents emocions i tamb\u00e9 les hem expressat utilitzant diferents llenguatges com la m\u00fasica, el dibuix, la pintura&#8230;<\/p>\n<p class=\"hide-if-no-js\" style=\"text-align: center\"><a id=\"set-post-thumbnail\" class=\"thickbox\" href=\"https:\/\/photos.app.goo.gl\/TnYRiRjGiiETQsQc6\" aria-describedby=\"set-post-thumbnail-desc\"><img loading=\"lazy\" decoding=\"async\" class=\"attachment-266x266 alignnone\" src=\"https:\/\/agora.xtec.cat\/escolagaudisabadell\/wp-content\/uploads\/usu1563\/2024\/02\/IMG_20240215_095852-300x300.jpg\" alt=\"\" width=\"266\" height=\"266\" \/><\/a><\/p>\n","protected":false},"excerpt":{"rendered":"<p>Com ja sabeu, aquest curs l&#8217;eix transversal \u00e9s &#8220;Visc a les emocions&#8221;. Hem estat parlant de les diferents emocions i tamb\u00e9 les hem expressat utilitzant diferents llenguatges com la m\u00fasica, el dibuix, la pintura&#8230;<br \/>\n<a id=\"set-post-thumbnail\" class=\"thickbox\" href=\"https:\/\/photos.app.goo.gl\/TnYRiRjGiiETQsQc6\" aria-describedby=\"set-post-thumbnail-desc\"><\/a><\/p>\n","protected":false},"author":3,"featured_media":7057,"comment_status":"closed","ping_status":"closed","sticky":false,"template":"","format":"standard","meta":{"_bbp_topic_count":0,"_bbp_reply_count":0,"_bbp_total_topic_count":0,"_bbp_total_reply_count":0,"_bbp_voice_count":0,"_bbp_anonymous_reply_count":0,"_bbp_topic_count_hidden":0,"_bbp_reply_count_hidden":0,"_bbp_forum_subforum_count":0,"footnotes":""},"categories":[10,71,1,4],"tags":[],"class_list":["post-7056","post","type-post","status-publish","format-standard","has-post-thumbnail","hentry","category-1r","category-fotosdescola","category-general","category-portada"],"post_mailing_queue_ids":[],"_links":{"self":[{"href":"https:\/\/agora.xtec.cat\/escolagaudisabadell\/wp-json\/wp\/v2\/posts\/7056","targetHints":{"allow":["GET"]}}],"collection":[{"href":"https:\/\/agora.xtec.cat\/escolagaudisabadell\/wp-json\/wp\/v2\/posts"}],"about":[{"href":"https:\/\/agora.xtec.cat\/escolagaudisabadell\/wp-json\/wp\/v2\/types\/post"}],"author":[{"embeddable":true,"href":"https:\/\/agora.xtec.cat\/escolagaudisabadell\/wp-json\/wp\/v2\/users\/3"}],"replies":[{"embeddable":true,"href":"https:\/\/agora.xtec.cat\/escolagaudisabadell\/wp-json\/wp\/v2\/comments?post=7056"}],"version-history":[{"count":1,"href":"https:\/\/agora.xtec.cat\/escolagaudisabadell\/wp-json\/wp\/v2\/posts\/7056\/revisions"}],"predecessor-version":[{"id":7058,"href":"https:\/\/agora.xtec.cat\/escolagaudisabadell\/wp-json\/wp\/v2\/posts\/7056\/revisions\/7058"}],"wp:featuredmedia":[{"embeddable":true,"href":"https:\/\/agora.xtec.cat\/escolagaudisabadell\/wp-json\/wp\/v2\/media\/7057"}],"wp:attachment":[{"href":"https:\/\/agora.xtec.cat\/escolagaudisabadell\/wp-json\/wp\/v2\/media?parent=7056"}],"wp:term":[{"taxonomy":"category","embeddable":true,"href":"https:\/\/agora.xtec.cat\/escolagaudisabadell\/wp-json\/wp\/v2\/categories?post=7056"},{"taxonomy":"post_tag","embeddable":true,"href":"https:\/\/agora.xtec.cat\/escolagaudisabadell\/wp-json\/wp\/v2\/tags?post=7056"}],"curies":[{"name":"wp","href":"https:\/\/api.w.org\/{rel}","templated":true}]}}