{"id":702,"date":"2020-03-19T15:00:18","date_gmt":"2020-03-19T14:00:18","guid":{"rendered":"http:\/\/agora.xtec.cat\/escolagaudisabadell\/?p=702"},"modified":"2020-04-02T11:05:36","modified_gmt":"2020-04-02T09:05:36","slug":"portes-obertes-2019-2020","status":"publish","type":"post","link":"https:\/\/agora.xtec.cat\/escolagaudisabadell\/general\/portes-obertes-2019-2020\/","title":{"rendered":"PREINSCRIPCI\u00d3 I MATR\u00cdCULA CURS 2020-2021"},"content":{"rendered":"<p><img loading=\"lazy\" decoding=\"async\" class=\"size-full wp-image-1271 aligncenter\" src=\"https:\/\/agora.xtec.cat\/escolagaudisabadell\/wp-content\/uploads\/usu1563\/2020\/01\/preinscripcio.jpg\" alt=\"\" width=\"584\" height=\"184\" \/><\/p>\n<p style=\"text-align: center;\"><a href=\"https:\/\/agora.xtec.cat\/ceip-enric-casassas\/wp-content\/uploads\/usu432\/2020\/01\/Preinscripcio-TITOL-petita.jpg\">NOT\u00cdCIA IMPORTANT!!<\/a><\/p>\n<p>Benvolgudes fam\u00edlies,<\/p>\n<p>El Conseller d&#8217;Educaci\u00f3, Josep Bargall\u00f3, en una entrevista a TV3, ha assegurat que \u00f2bviament, si el confinament s&#8217;allarga, l&#8217;aturada dels centres escolars, tamb\u00e9 (adjuntem l&#8217;entrevista a baix).<\/p>\n<p>Bargall\u00f3 ha explicat que <strong>no es tornaran a obrir les preinscripcions <\/strong>fins que no es pugui garantir que <strong>tothom ho pot fer per igual<\/strong>. En aquest sentit, el conseller d&#8217;Educaci\u00f3 ha insistit en el seg\u00fcent:<\/p>\n<blockquote><p>&#8220;Hi ha alumnes en situaci\u00f3 m\u00e9s desafovorida, amb necessitats especials i que no disposen d&#8217;internet. I es podrien quedar despenjats. &#8220;Volem garantir a tots els pares i a totes les mares que pugueu exercir el dret de demanar pla\u00e7a per als vostres fills i per a les vostres filles. Quan siguem capa\u00e7os de fer-ho, quan les circumst\u00e0ncies ens ho permetin, telem\u00e0ticament i presencialment, tornarem a obri.&#8221;<\/p><\/blockquote>\n<p>Enlla\u00e7 a l&#8217;<a href=\"https:\/\/www.ccma.cat\/tv3\/alacarta\/programa\/entrevista-josep-bargallo-confirma-que-el-tancament-de-centres-educatius-a-catalunya-sallarga\/video\/6035890\/\" target=\"_blank\" rel=\"noopener noreferrer\">entrevista<\/a> del Conseller d&#8217;Educaci\u00f3 Josep Bargall\u00f3 19\/03\/2020<\/p>\n<p>&nbsp;<\/p>\n<p>&nbsp;<\/p>\n","protected":false},"excerpt":{"rendered":"<p><a href=\"https:\/\/agora.xtec.cat\/ceip-enric-casassas\/wp-content\/uploads\/usu432\/2020\/01\/Preinscripcio-TITOL-petita.jpg\">NOT\u00cdCIA IMPORTANT!!<\/a><br \/>\nBenvolgudes fam\u00edlies,<br \/>\nEl Conseller d&#8217;Educaci\u00f3, Josep Bargall\u00f3, en una entrevista a TV3, ha assegurat que \u00f2bviament, si el confinament s&#8217;allarga, l&#8217;aturada dels centres escolars, tamb\u00e9 (adjuntem l&#8217;entrevista a baix).<br \/>\nBargall\u00f3 ha explicat que no es tornaran a obrir les preinscripcions fins que no es pugui&hellip;  <a href=\"https:\/\/agora.xtec.cat\/escolagaudisabadell\/general\/portes-obertes-2019-2020\/\" title=\"Read PREINSCRIPCI\u00d3 I MATR\u00cdCULA CURS 2020-2021\">Llegeix m\u00e9s\u00bb<\/a><\/p>\n","protected":false},"author":1,"featured_media":1271,"comment_status":"closed","ping_status":"closed","sticky":false,"template":"","format":"standard","meta":{"_bbp_topic_count":0,"_bbp_reply_count":0,"_bbp_total_topic_count":0,"_bbp_total_reply_count":0,"_bbp_voice_count":0,"_bbp_anonymous_reply_count":0,"_bbp_topic_count_hidden":0,"_bbp_reply_count_hidden":0,"_bbp_forum_subforum_count":0,"footnotes":""},"categories":[1,4],"tags":[60],"class_list":["post-702","post","type-post","status-publish","format-standard","has-post-thumbnail","hentry","category-general","category-portada","tag-noticies"],"post_mailing_queue_ids":[],"_links":{"self":[{"href":"https:\/\/agora.xtec.cat\/escolagaudisabadell\/wp-json\/wp\/v2\/posts\/702","targetHints":{"allow":["GET"]}}],"collection":[{"href":"https:\/\/agora.xtec.cat\/escolagaudisabadell\/wp-json\/wp\/v2\/posts"}],"about":[{"href":"https:\/\/agora.xtec.cat\/escolagaudisabadell\/wp-json\/wp\/v2\/types\/post"}],"author":[{"embeddable":true,"href":"https:\/\/agora.xtec.cat\/escolagaudisabadell\/wp-json\/wp\/v2\/users\/1"}],"replies":[{"embeddable":true,"href":"https:\/\/agora.xtec.cat\/escolagaudisabadell\/wp-json\/wp\/v2\/comments?post=702"}],"version-history":[{"count":3,"href":"https:\/\/agora.xtec.cat\/escolagaudisabadell\/wp-json\/wp\/v2\/posts\/702\/revisions"}],"predecessor-version":[{"id":1384,"href":"https:\/\/agora.xtec.cat\/escolagaudisabadell\/wp-json\/wp\/v2\/posts\/702\/revisions\/1384"}],"wp:featuredmedia":[{"embeddable":true,"href":"https:\/\/agora.xtec.cat\/escolagaudisabadell\/wp-json\/wp\/v2\/media\/1271"}],"wp:attachment":[{"href":"https:\/\/agora.xtec.cat\/escolagaudisabadell\/wp-json\/wp\/v2\/media?parent=702"}],"wp:term":[{"taxonomy":"category","embeddable":true,"href":"https:\/\/agora.xtec.cat\/escolagaudisabadell\/wp-json\/wp\/v2\/categories?post=702"},{"taxonomy":"post_tag","embeddable":true,"href":"https:\/\/agora.xtec.cat\/escolagaudisabadell\/wp-json\/wp\/v2\/tags?post=702"}],"curies":[{"name":"wp","href":"https:\/\/api.w.org\/{rel}","templated":true}]}}