{"id":6986,"date":"2024-02-15T23:15:34","date_gmt":"2024-02-15T22:15:34","guid":{"rendered":"https:\/\/agora.xtec.cat\/escolagaudisabadell\/?p=6986"},"modified":"2024-02-16T10:27:36","modified_gmt":"2024-02-16T09:27:36","slug":"5e-gimnastica-esportiva-14-02-24","status":"publish","type":"post","link":"https:\/\/agora.xtec.cat\/escolagaudisabadell\/general\/5e-gimnastica-esportiva-14-02-24\/","title":{"rendered":"5\u00e8 GIMN\u00c0STICA ART\u00cdSTICA 14 02 24"},"content":{"rendered":"<p>El dimecres 14 de febrer l&#8217;alumnat de 5\u00e8 va anar al gimn\u00e0s municipal de Sabadell. All\u00e0 els hi van preparar una sessi\u00f3 de gimn\u00e0stica art\u00edstica.<\/p>\n<p>Despr\u00e9s de fer un bon escalfament van fer tombarelles, equilibris i salts. Tamb\u00e9 van poder provar aparells com: barra fixe, barres paral\u00b7leles, suelo,&#8230;<\/p>\n<p>Aqu\u00ed us deixem algunes fotos de la sessi\u00f3.<\/p>\n<p><a href=\"https:\/\/photos.app.goo.gl\/hnQAfXmmfA91AvXo9\" target=\"_blank\" rel=\"noopener\"><img loading=\"lazy\" decoding=\"async\" class=\"alignnone\" src=\"https:\/\/agora.xtec.cat\/escolagaudisabadell\/wp-content\/uploads\/usu1563\/2024\/02\/IMG_20240214_101021.jpg\" alt=\"\" width=\"1152\" height=\"864\" \/><\/a><\/p>\n","protected":false},"excerpt":{"rendered":"<p>El dimecres 14 de febrer l&#8217;alumnat de 5\u00e8 va anar al gimn\u00e0s municipal de Sabadell. All\u00e0 els hi van preparar una sessi\u00f3 de gimn\u00e0stica art\u00edstica.<br \/>\nDespr\u00e9s de fer un bon escalfament van fer tombarelles, equilibris i salts. Tamb\u00e9 van poder provar aparells com: barra fixe, barres&hellip;  <a href=\"https:\/\/agora.xtec.cat\/escolagaudisabadell\/general\/5e-gimnastica-esportiva-14-02-24\/\" title=\"Read 5\u00e8 GIMN\u00c0STICA ART\u00cdSTICA 14 02 24\">Llegeix m\u00e9s\u00bb<\/a><\/p>\n","protected":false},"author":1,"featured_media":6988,"comment_status":"closed","ping_status":"closed","sticky":false,"template":"","format":"standard","meta":{"_bbp_topic_count":0,"_bbp_reply_count":0,"_bbp_total_topic_count":0,"_bbp_total_reply_count":0,"_bbp_voice_count":0,"_bbp_anonymous_reply_count":0,"_bbp_topic_count_hidden":0,"_bbp_reply_count_hidden":0,"_bbp_forum_subforum_count":0,"footnotes":""},"categories":[14,71,1,4],"tags":[],"class_list":["post-6986","post","type-post","status-publish","format-standard","has-post-thumbnail","hentry","category-5e","category-fotosdescola","category-general","category-portada"],"post_mailing_queue_ids":[],"_links":{"self":[{"href":"https:\/\/agora.xtec.cat\/escolagaudisabadell\/wp-json\/wp\/v2\/posts\/6986","targetHints":{"allow":["GET"]}}],"collection":[{"href":"https:\/\/agora.xtec.cat\/escolagaudisabadell\/wp-json\/wp\/v2\/posts"}],"about":[{"href":"https:\/\/agora.xtec.cat\/escolagaudisabadell\/wp-json\/wp\/v2\/types\/post"}],"author":[{"embeddable":true,"href":"https:\/\/agora.xtec.cat\/escolagaudisabadell\/wp-json\/wp\/v2\/users\/1"}],"replies":[{"embeddable":true,"href":"https:\/\/agora.xtec.cat\/escolagaudisabadell\/wp-json\/wp\/v2\/comments?post=6986"}],"version-history":[{"count":4,"href":"https:\/\/agora.xtec.cat\/escolagaudisabadell\/wp-json\/wp\/v2\/posts\/6986\/revisions"}],"predecessor-version":[{"id":6991,"href":"https:\/\/agora.xtec.cat\/escolagaudisabadell\/wp-json\/wp\/v2\/posts\/6986\/revisions\/6991"}],"wp:featuredmedia":[{"embeddable":true,"href":"https:\/\/agora.xtec.cat\/escolagaudisabadell\/wp-json\/wp\/v2\/media\/6988"}],"wp:attachment":[{"href":"https:\/\/agora.xtec.cat\/escolagaudisabadell\/wp-json\/wp\/v2\/media?parent=6986"}],"wp:term":[{"taxonomy":"category","embeddable":true,"href":"https:\/\/agora.xtec.cat\/escolagaudisabadell\/wp-json\/wp\/v2\/categories?post=6986"},{"taxonomy":"post_tag","embeddable":true,"href":"https:\/\/agora.xtec.cat\/escolagaudisabadell\/wp-json\/wp\/v2\/tags?post=6986"}],"curies":[{"name":"wp","href":"https:\/\/api.w.org\/{rel}","templated":true}]}}