{"id":6979,"date":"2024-02-21T19:34:57","date_gmt":"2024-02-21T18:34:57","guid":{"rendered":"https:\/\/agora.xtec.cat\/escolagaudisabadell\/?p=6979"},"modified":"2024-02-21T19:35:34","modified_gmt":"2024-02-21T18:35:34","slug":"ei-ci-trobada-literaria-gener","status":"publish","type":"post","link":"https:\/\/agora.xtec.cat\/escolagaudisabadell\/general\/ei-ci-trobada-literaria-gener\/","title":{"rendered":"EI-CI Trobada liter\u00e0ria gener"},"content":{"rendered":"<p>El passat 26 de gener, les classes d&#8217;infantil i inicial vam fer la Trobada Liter\u00e0ria despr\u00e9s de treballar els embarbussaments a l&#8217;aula. Va ser una feina molt divertida i ens ho vam passar molt b\u00e9 escoltant tots els embarbussaments que vam recitar. Quin embolic amb la llengua!!!<\/p>\n<p>&nbsp;<\/p>\n<p>&nbsp;<\/p>\n<p>&nbsp;<\/p>\n<p class=\"hide-if-no-js\" style=\"text-align: center\"><a id=\"set-post-thumbnail\" class=\"thickbox\" href=\"https:\/\/photos.app.goo.gl\/MGre1mBrCFLXuSmt8\" aria-describedby=\"set-post-thumbnail-desc\"><img loading=\"lazy\" decoding=\"async\" class=\"attachment-266x266 alignnone\" src=\"https:\/\/agora.xtec.cat\/escolagaudisabadell\/wp-content\/uploads\/usu1563\/2024\/02\/IMG_20240126_160745-300x300.jpg\" alt=\"\" width=\"266\" height=\"266\" \/><\/a><\/p>\n","protected":false},"excerpt":{"rendered":"<p>El passat 26 de gener, les classes d&#8217;infantil i inicial vam fer la Trobada Liter\u00e0ria despr\u00e9s de treballar els embarbussaments a l&#8217;aula. Va ser una feina molt divertida i ens ho vam passar molt b\u00e9 escoltant tots els embarbussaments que vam recitar. Quin embolic amb&hellip;  <a href=\"https:\/\/agora.xtec.cat\/escolagaudisabadell\/general\/ei-ci-trobada-literaria-gener\/\" title=\"Read EI-CI Trobada liter\u00e0ria gener\">Llegeix m\u00e9s\u00bb<\/a><\/p>\n","protected":false},"author":3,"featured_media":6980,"comment_status":"closed","ping_status":"closed","sticky":false,"template":"","format":"standard","meta":{"_bbp_topic_count":0,"_bbp_reply_count":0,"_bbp_total_topic_count":0,"_bbp_total_reply_count":0,"_bbp_voice_count":0,"_bbp_anonymous_reply_count":0,"_bbp_topic_count_hidden":0,"_bbp_reply_count_hidden":0,"_bbp_forum_subforum_count":0,"footnotes":""},"categories":[10,11,71,1,2,4],"tags":[],"class_list":["post-6979","post","type-post","status-publish","format-standard","has-post-thumbnail","hentry","category-1r","category-2n","category-fotosdescola","category-general","category-infantil","category-portada"],"post_mailing_queue_ids":[],"_links":{"self":[{"href":"https:\/\/agora.xtec.cat\/escolagaudisabadell\/wp-json\/wp\/v2\/posts\/6979","targetHints":{"allow":["GET"]}}],"collection":[{"href":"https:\/\/agora.xtec.cat\/escolagaudisabadell\/wp-json\/wp\/v2\/posts"}],"about":[{"href":"https:\/\/agora.xtec.cat\/escolagaudisabadell\/wp-json\/wp\/v2\/types\/post"}],"author":[{"embeddable":true,"href":"https:\/\/agora.xtec.cat\/escolagaudisabadell\/wp-json\/wp\/v2\/users\/3"}],"replies":[{"embeddable":true,"href":"https:\/\/agora.xtec.cat\/escolagaudisabadell\/wp-json\/wp\/v2\/comments?post=6979"}],"version-history":[{"count":4,"href":"https:\/\/agora.xtec.cat\/escolagaudisabadell\/wp-json\/wp\/v2\/posts\/6979\/revisions"}],"predecessor-version":[{"id":7049,"href":"https:\/\/agora.xtec.cat\/escolagaudisabadell\/wp-json\/wp\/v2\/posts\/6979\/revisions\/7049"}],"wp:featuredmedia":[{"embeddable":true,"href":"https:\/\/agora.xtec.cat\/escolagaudisabadell\/wp-json\/wp\/v2\/media\/6980"}],"wp:attachment":[{"href":"https:\/\/agora.xtec.cat\/escolagaudisabadell\/wp-json\/wp\/v2\/media?parent=6979"}],"wp:term":[{"taxonomy":"category","embeddable":true,"href":"https:\/\/agora.xtec.cat\/escolagaudisabadell\/wp-json\/wp\/v2\/categories?post=6979"},{"taxonomy":"post_tag","embeddable":true,"href":"https:\/\/agora.xtec.cat\/escolagaudisabadell\/wp-json\/wp\/v2\/tags?post=6979"}],"curies":[{"name":"wp","href":"https:\/\/api.w.org\/{rel}","templated":true}]}}