{"id":6974,"date":"2024-02-05T18:27:51","date_gmt":"2024-02-05T17:27:51","guid":{"rendered":"https:\/\/agora.xtec.cat\/escolagaudisabadell\/?p=6974"},"modified":"2024-02-14T14:42:20","modified_gmt":"2024-02-14T13:42:20","slug":"esquiada-cicle-superior","status":"publish","type":"post","link":"https:\/\/agora.xtec.cat\/escolagaudisabadell\/general\/esquiada-cicle-superior\/","title":{"rendered":"Esquiada cicle superior"},"content":{"rendered":"<p>Hola fam\u00edlies,<\/p>\n<p>El passat divendres vam anar a la Masella amb els alumnes de cicle superior i ens ho vam passar d&#8217;all\u00f2 m\u00e9s b\u00e9, ens va fer un dia fant\u00e0stic i els nens\/es van aprofitar les hores de curset per aprendre una mica a esquiar.<\/p>\n<p>Aqu\u00ed teniu totes les fotos i v\u00eddeos de l&#8217;esquiada!<\/p>\n<p>Espero que us agradin!!<\/p>\n<p><a href=\"https:\/\/photos.app.goo.gl\/r7jVvkguNpDsM2dY7\"><img decoding=\"async\" src=\"https:\/\/agora.xtec.cat\/escolagaudisabadell\/wp-content\/uploads\/usu1563\/2024\/02\/IMG_20240202_095749.jpg\" \/><\/a><\/p>\n<p>&nbsp;<\/p>\n","protected":false},"excerpt":{"rendered":"<p>Hola fam\u00edlies,<br \/>\nEl passat divendres vam anar a la Masella amb els alumnes de cicle superior i ens ho vam passar d&#8217;all\u00f2 m\u00e9s b\u00e9, ens va fer un dia fant\u00e0stic i els nens\/es van aprofitar les hores de curset per aprendre una mica a esquiar.<br \/>\nAqu\u00ed teniu&hellip;  <a href=\"https:\/\/agora.xtec.cat\/escolagaudisabadell\/general\/esquiada-cicle-superior\/\" title=\"Read Esquiada cicle superior\">Llegeix m\u00e9s\u00bb<\/a><\/p>\n","protected":false},"author":1,"featured_media":6982,"comment_status":"closed","ping_status":"closed","sticky":false,"template":"","format":"standard","meta":{"_bbp_topic_count":0,"_bbp_reply_count":0,"_bbp_total_topic_count":0,"_bbp_total_reply_count":0,"_bbp_voice_count":0,"_bbp_anonymous_reply_count":0,"_bbp_topic_count_hidden":0,"_bbp_reply_count_hidden":0,"_bbp_forum_subforum_count":0,"footnotes":""},"categories":[14,15,71,1,4,5],"tags":[],"class_list":["post-6974","post","type-post","status-publish","format-standard","has-post-thumbnail","hentry","category-5e","category-6e","category-fotosdescola","category-general","category-portada","category-primaria"],"post_mailing_queue_ids":[],"_links":{"self":[{"href":"https:\/\/agora.xtec.cat\/escolagaudisabadell\/wp-json\/wp\/v2\/posts\/6974","targetHints":{"allow":["GET"]}}],"collection":[{"href":"https:\/\/agora.xtec.cat\/escolagaudisabadell\/wp-json\/wp\/v2\/posts"}],"about":[{"href":"https:\/\/agora.xtec.cat\/escolagaudisabadell\/wp-json\/wp\/v2\/types\/post"}],"author":[{"embeddable":true,"href":"https:\/\/agora.xtec.cat\/escolagaudisabadell\/wp-json\/wp\/v2\/users\/1"}],"replies":[{"embeddable":true,"href":"https:\/\/agora.xtec.cat\/escolagaudisabadell\/wp-json\/wp\/v2\/comments?post=6974"}],"version-history":[{"count":4,"href":"https:\/\/agora.xtec.cat\/escolagaudisabadell\/wp-json\/wp\/v2\/posts\/6974\/revisions"}],"predecessor-version":[{"id":6985,"href":"https:\/\/agora.xtec.cat\/escolagaudisabadell\/wp-json\/wp\/v2\/posts\/6974\/revisions\/6985"}],"wp:featuredmedia":[{"embeddable":true,"href":"https:\/\/agora.xtec.cat\/escolagaudisabadell\/wp-json\/wp\/v2\/media\/6982"}],"wp:attachment":[{"href":"https:\/\/agora.xtec.cat\/escolagaudisabadell\/wp-json\/wp\/v2\/media?parent=6974"}],"wp:term":[{"taxonomy":"category","embeddable":true,"href":"https:\/\/agora.xtec.cat\/escolagaudisabadell\/wp-json\/wp\/v2\/categories?post=6974"},{"taxonomy":"post_tag","embeddable":true,"href":"https:\/\/agora.xtec.cat\/escolagaudisabadell\/wp-json\/wp\/v2\/tags?post=6974"}],"curies":[{"name":"wp","href":"https:\/\/api.w.org\/{rel}","templated":true}]}}