{"id":6970,"date":"2024-02-01T22:12:17","date_gmt":"2024-02-01T21:12:17","guid":{"rendered":"https:\/\/agora.xtec.cat\/escolagaudisabadell\/?p=6970"},"modified":"2024-02-02T22:32:25","modified_gmt":"2024-02-02T21:32:25","slug":"6e-acrosport","status":"publish","type":"post","link":"https:\/\/agora.xtec.cat\/escolagaudisabadell\/portada\/6e-acrosport\/","title":{"rendered":"6\u00e8 Acrosport"},"content":{"rendered":"<p>L&#8217;alumnat de 6\u00e8 ha comen\u00e7at a practicar una modalitat esportiva molt interessant com \u00e9s l&#8217;acrosport.<\/p>\n<p>Aqu\u00ed us deixo algunes fotos de les figures que van est\u00e0 practicant. En els propers dies us penjarem m\u00e9s.<\/p>\n<p><a href=\"https:\/\/photos.app.goo.gl\/WS22hSAA29P5wExA8\"><img decoding=\"async\" src=\"https:\/\/lh3.googleusercontent.com\/pw\/ABLVV87h42f54qjrvPDwNCbVMUiGm7SO40k6xGVxrkXR1qaputBa-rqD7eni4HsKMLmL8dYw0uszyRC_XfV-u5xb1QVEfe65JUZq7-rDfSaztcP7lbhGQ8lBz0KnKhvldy5iSr9_Fh4okW45Xz0zLdfD60S9=w668-h890-s-no-gm?authuser=0\" \/><\/a><\/p>\n","protected":false},"excerpt":{"rendered":"<p>L&#8217;alumnat de 6\u00e8 ha comen\u00e7at a practicar una modalitat esportiva molt interessant com \u00e9s l&#8217;acrosport.<br \/>\nAqu\u00ed us deixo algunes fotos de les figures que van est\u00e0 practicant. En els propers dies us penjarem m\u00e9s.<br \/>\n<a href=\"https:\/\/photos.app.goo.gl\/WS22hSAA29P5wExA8\"><\/a><\/p>\n","protected":false},"author":1,"featured_media":0,"comment_status":"open","ping_status":"closed","sticky":false,"template":"","format":"standard","meta":{"_bbp_topic_count":0,"_bbp_reply_count":0,"_bbp_total_topic_count":0,"_bbp_total_reply_count":0,"_bbp_voice_count":0,"_bbp_anonymous_reply_count":0,"_bbp_topic_count_hidden":0,"_bbp_reply_count_hidden":0,"_bbp_forum_subforum_count":0,"footnotes":""},"categories":[15,71,4,5],"tags":[],"class_list":["post-6970","post","type-post","status-publish","format-standard","hentry","category-6e","category-fotosdescola","category-portada","category-primaria"],"post_mailing_queue_ids":[],"_links":{"self":[{"href":"https:\/\/agora.xtec.cat\/escolagaudisabadell\/wp-json\/wp\/v2\/posts\/6970","targetHints":{"allow":["GET"]}}],"collection":[{"href":"https:\/\/agora.xtec.cat\/escolagaudisabadell\/wp-json\/wp\/v2\/posts"}],"about":[{"href":"https:\/\/agora.xtec.cat\/escolagaudisabadell\/wp-json\/wp\/v2\/types\/post"}],"author":[{"embeddable":true,"href":"https:\/\/agora.xtec.cat\/escolagaudisabadell\/wp-json\/wp\/v2\/users\/1"}],"replies":[{"embeddable":true,"href":"https:\/\/agora.xtec.cat\/escolagaudisabadell\/wp-json\/wp\/v2\/comments?post=6970"}],"version-history":[{"count":3,"href":"https:\/\/agora.xtec.cat\/escolagaudisabadell\/wp-json\/wp\/v2\/posts\/6970\/revisions"}],"predecessor-version":[{"id":6973,"href":"https:\/\/agora.xtec.cat\/escolagaudisabadell\/wp-json\/wp\/v2\/posts\/6970\/revisions\/6973"}],"wp:attachment":[{"href":"https:\/\/agora.xtec.cat\/escolagaudisabadell\/wp-json\/wp\/v2\/media?parent=6970"}],"wp:term":[{"taxonomy":"category","embeddable":true,"href":"https:\/\/agora.xtec.cat\/escolagaudisabadell\/wp-json\/wp\/v2\/categories?post=6970"},{"taxonomy":"post_tag","embeddable":true,"href":"https:\/\/agora.xtec.cat\/escolagaudisabadell\/wp-json\/wp\/v2\/tags?post=6970"}],"curies":[{"name":"wp","href":"https:\/\/api.w.org\/{rel}","templated":true}]}}