{"id":6877,"date":"2024-01-24T09:41:47","date_gmt":"2024-01-24T08:41:47","guid":{"rendered":"https:\/\/agora.xtec.cat\/escolagaudisabadell\/?p=6877"},"modified":"2024-01-31T13:53:48","modified_gmt":"2024-01-31T12:53:48","slug":"concert-de-nadal","status":"publish","type":"post","link":"https:\/\/agora.xtec.cat\/escolagaudisabadell\/general\/concert-de-nadal\/","title":{"rendered":"Concerts de Nadal"},"content":{"rendered":"<p>El dimarts 19 de desembre vam fer un concert de Nadal a l&#8217;escola. Tots els infants ens vam posar elegants i vam anar a la sala d&#8217;actes a dir un poema de Nadal i una can\u00e7\u00f3. Ens agrada poder gaudir d&#8217;aquest moments on tots els i les alumnes gaudeixen de moments compartits i poden demostrar la seva faceta art\u00edstica. Aqu\u00ed teniu uns v\u00eddeos on podeu veure els vostres fills i filles a l&#8217;escenari gaudint.<\/p>\n<p><em><strong>Concert Nadal 6\u00e8<\/strong><\/em><\/p>\n<p><a href=\"https:\/\/photos.app.goo.gl\/dZJNWE4NQ7pKGtv3A\" target=\"_blank\" rel=\"noopener\"><img loading=\"lazy\" decoding=\"async\" class=\"alignnone size-large wp-image-6894\" src=\"https:\/\/agora.xtec.cat\/escolagaudisabadell\/wp-content\/uploads\/usu1563\/2024\/01\/6e-portada-cantata-1024x249.jpg\" alt=\"\" width=\"1024\" height=\"249\" srcset=\"https:\/\/agora.xtec.cat\/escolagaudisabadell\/wp-content\/uploads\/usu1563\/2024\/01\/6e-portada-cantata-1024x249.jpg 1024w, https:\/\/agora.xtec.cat\/escolagaudisabadell\/wp-content\/uploads\/usu1563\/2024\/01\/6e-portada-cantata-300x73.jpg 300w, https:\/\/agora.xtec.cat\/escolagaudisabadell\/wp-content\/uploads\/usu1563\/2024\/01\/6e-portada-cantata-768x187.jpg 768w, https:\/\/agora.xtec.cat\/escolagaudisabadell\/wp-content\/uploads\/usu1563\/2024\/01\/6e-portada-cantata.jpg 1118w\" sizes=\"auto, (max-width: 1024px) 100vw, 1024px\" \/><\/a><\/p>\n<p><em><strong>Concert Nadal 5\u00e8<\/strong><\/em><\/p>\n<p><a href=\"https:\/\/photos.app.goo.gl\/j51N1omtm6dcM7jRA\" target=\"_blank\" rel=\"noopener\"><img loading=\"lazy\" decoding=\"async\" class=\"alignnone size-large wp-image-6896\" src=\"https:\/\/agora.xtec.cat\/escolagaudisabadell\/wp-content\/uploads\/usu1563\/2024\/01\/5e-portada-cantata-1024x285.jpg\" alt=\"\" width=\"1024\" height=\"285\" srcset=\"https:\/\/agora.xtec.cat\/escolagaudisabadell\/wp-content\/uploads\/usu1563\/2024\/01\/5e-portada-cantata-1024x285.jpg 1024w, https:\/\/agora.xtec.cat\/escolagaudisabadell\/wp-content\/uploads\/usu1563\/2024\/01\/5e-portada-cantata-300x83.jpg 300w, https:\/\/agora.xtec.cat\/escolagaudisabadell\/wp-content\/uploads\/usu1563\/2024\/01\/5e-portada-cantata-768x214.jpg 768w, https:\/\/agora.xtec.cat\/escolagaudisabadell\/wp-content\/uploads\/usu1563\/2024\/01\/5e-portada-cantata.jpg 1057w\" sizes=\"auto, (max-width: 1024px) 100vw, 1024px\" \/><\/a><\/p>\n<p><strong><em>Concert Nadal 4t<\/em><\/strong><\/p>\n<p><a href=\"https:\/\/photos.app.goo.gl\/XqqfjiypzSMhuxRdA\" target=\"_blank\" rel=\"noopener\"><img loading=\"lazy\" decoding=\"async\" class=\"alignnone size-large wp-image-6902\" src=\"https:\/\/agora.xtec.cat\/escolagaudisabadell\/wp-content\/uploads\/usu1563\/2024\/01\/4t-portada-cantata-1-1024x267.jpg\" alt=\"\" width=\"1024\" height=\"267\" srcset=\"https:\/\/agora.xtec.cat\/escolagaudisabadell\/wp-content\/uploads\/usu1563\/2024\/01\/4t-portada-cantata-1-1024x267.jpg 1024w, https:\/\/agora.xtec.cat\/escolagaudisabadell\/wp-content\/uploads\/usu1563\/2024\/01\/4t-portada-cantata-1-300x78.jpg 300w, https:\/\/agora.xtec.cat\/escolagaudisabadell\/wp-content\/uploads\/usu1563\/2024\/01\/4t-portada-cantata-1-768x201.jpg 768w, https:\/\/agora.xtec.cat\/escolagaudisabadell\/wp-content\/uploads\/usu1563\/2024\/01\/4t-portada-cantata-1.jpg 1302w\" sizes=\"auto, (max-width: 1024px) 100vw, 1024px\" \/><\/a><\/p>\n<p><strong><em>Concert Nadal 3r<\/em><\/strong><\/p>\n<p><a href=\"https:\/\/photos.app.goo.gl\/vyJQZ8362PGVqxDdA\" target=\"_blank\" rel=\"noopener\"><img loading=\"lazy\" decoding=\"async\" class=\"alignnone size-full wp-image-6903\" src=\"https:\/\/agora.xtec.cat\/escolagaudisabadell\/wp-content\/uploads\/usu1563\/2024\/01\/3r-portada-cantata.jpg\" alt=\"\" width=\"1005\" height=\"212\" srcset=\"https:\/\/agora.xtec.cat\/escolagaudisabadell\/wp-content\/uploads\/usu1563\/2024\/01\/3r-portada-cantata.jpg 1005w, https:\/\/agora.xtec.cat\/escolagaudisabadell\/wp-content\/uploads\/usu1563\/2024\/01\/3r-portada-cantata-300x63.jpg 300w, https:\/\/agora.xtec.cat\/escolagaudisabadell\/wp-content\/uploads\/usu1563\/2024\/01\/3r-portada-cantata-768x162.jpg 768w\" sizes=\"auto, (max-width: 1005px) 100vw, 1005px\" \/><\/a><\/p>\n<p><em><strong>Concert Nadal 2n<\/strong><\/em><\/p>\n<p><a href=\"https:\/\/photos.app.goo.gl\/PwLjBeg2CUAorTjY7\" target=\"_blank\" rel=\"noopener\"><img loading=\"lazy\" decoding=\"async\" class=\"alignnone size-full wp-image-6905\" src=\"https:\/\/agora.xtec.cat\/escolagaudisabadell\/wp-content\/uploads\/usu1563\/2024\/01\/2n-portada-cantata.jpg\" alt=\"\" width=\"1002\" height=\"230\" srcset=\"https:\/\/agora.xtec.cat\/escolagaudisabadell\/wp-content\/uploads\/usu1563\/2024\/01\/2n-portada-cantata.jpg 1002w, https:\/\/agora.xtec.cat\/escolagaudisabadell\/wp-content\/uploads\/usu1563\/2024\/01\/2n-portada-cantata-300x69.jpg 300w, https:\/\/agora.xtec.cat\/escolagaudisabadell\/wp-content\/uploads\/usu1563\/2024\/01\/2n-portada-cantata-768x176.jpg 768w\" sizes=\"auto, (max-width: 1002px) 100vw, 1002px\" \/><\/a><\/p>\n<p><em><strong>Concert Nadal 1r<\/strong><\/em><\/p>\n<p><a href=\"https:\/\/photos.app.goo.gl\/55L2Xcufr1drktjW8\" target=\"_blank\" rel=\"noopener\"><img loading=\"lazy\" decoding=\"async\" class=\"wp-image-6906 aligncenter\" src=\"https:\/\/agora.xtec.cat\/escolagaudisabadell\/wp-content\/uploads\/usu1563\/2024\/01\/Portada-cantata-1r.jpg\" alt=\"\" width=\"640\" height=\"252\" srcset=\"https:\/\/agora.xtec.cat\/escolagaudisabadell\/wp-content\/uploads\/usu1563\/2024\/01\/Portada-cantata-1r.jpg 414w, https:\/\/agora.xtec.cat\/escolagaudisabadell\/wp-content\/uploads\/usu1563\/2024\/01\/Portada-cantata-1r-300x118.jpg 300w\" sizes=\"auto, (max-width: 640px) 100vw, 640px\" \/><\/a><\/p>\n<p><em><strong>Concert Nadal I3<\/strong><\/em><\/p>\n<p><a href=\"https:\/\/photos.app.goo.gl\/BLnjTaojRad1xD2D9\" target=\"_blank\" rel=\"noopener\"><img loading=\"lazy\" decoding=\"async\" class=\"wp-image-6907 aligncenter\" src=\"https:\/\/agora.xtec.cat\/escolagaudisabadell\/wp-content\/uploads\/usu1563\/2024\/01\/I3-portada-cantata.jpg\" alt=\"\" width=\"642\" height=\"240\" srcset=\"https:\/\/agora.xtec.cat\/escolagaudisabadell\/wp-content\/uploads\/usu1563\/2024\/01\/I3-portada-cantata.jpg 388w, https:\/\/agora.xtec.cat\/escolagaudisabadell\/wp-content\/uploads\/usu1563\/2024\/01\/I3-portada-cantata-300x112.jpg 300w\" sizes=\"auto, (max-width: 642px) 100vw, 642px\" \/><\/a><\/p>\n<p><em><strong>Concert Nadal I4<\/strong><\/em><\/p>\n<p style=\"text-align: center;\"><a href=\"https:\/\/photos.app.goo.gl\/GUFnkgRtaD1a5AgU9\" target=\"_blank\" rel=\"noopener\"><img loading=\"lazy\" decoding=\"async\" class=\"alignnone wp-image-6908\" src=\"https:\/\/agora.xtec.cat\/escolagaudisabadell\/wp-content\/uploads\/usu1563\/2024\/01\/Portada-cantata-I4.jpg\" alt=\"\" width=\"639\" height=\"258\" srcset=\"https:\/\/agora.xtec.cat\/escolagaudisabadell\/wp-content\/uploads\/usu1563\/2024\/01\/Portada-cantata-I4.jpg 374w, https:\/\/agora.xtec.cat\/escolagaudisabadell\/wp-content\/uploads\/usu1563\/2024\/01\/Portada-cantata-I4-300x121.jpg 300w\" sizes=\"auto, (max-width: 639px) 100vw, 639px\" \/><\/a><\/p>\n<p><em><strong>Concert Nadal I5 <\/strong><\/em><\/p>\n<p><a href=\"https:\/\/photos.app.goo.gl\/rshoTUhALGY6THWW7\" target=\"_blank\" rel=\"noopener\"><img loading=\"lazy\" decoding=\"async\" class=\"wp-image-6910 aligncenter\" src=\"https:\/\/agora.xtec.cat\/escolagaudisabadell\/wp-content\/uploads\/usu1563\/2024\/01\/Portada-cantata-I5.jpg\" alt=\"\" width=\"637\" height=\"219\" srcset=\"https:\/\/agora.xtec.cat\/escolagaudisabadell\/wp-content\/uploads\/usu1563\/2024\/01\/Portada-cantata-I5.jpg 416w, https:\/\/agora.xtec.cat\/escolagaudisabadell\/wp-content\/uploads\/usu1563\/2024\/01\/Portada-cantata-I5-300x103.jpg 300w\" sizes=\"auto, (max-width: 637px) 100vw, 637px\" \/><\/a><\/p>\n","protected":false},"excerpt":{"rendered":"<p>El dimarts 19 de desembre vam fer un concert de Nadal a l&#8217;escola. Tots els infants ens vam posar elegants i vam anar a la sala d&#8217;actes a dir un poema de Nadal i una can\u00e7\u00f3. Ens agrada poder gaudir d&#8217;aquest moments on tots els&hellip;  <a href=\"https:\/\/agora.xtec.cat\/escolagaudisabadell\/general\/concert-de-nadal\/\" title=\"Read Concerts de Nadal\">Llegeix m\u00e9s\u00bb<\/a><\/p>\n","protected":false},"author":1,"featured_media":6878,"comment_status":"closed","ping_status":"closed","sticky":false,"template":"","format":"standard","meta":{"_bbp_topic_count":0,"_bbp_reply_count":0,"_bbp_total_topic_count":0,"_bbp_total_reply_count":0,"_bbp_voice_count":0,"_bbp_anonymous_reply_count":0,"_bbp_topic_count_hidden":0,"_bbp_reply_count_hidden":0,"_bbp_forum_subforum_count":0,"footnotes":""},"categories":[71,1,2,4,5],"tags":[],"class_list":["post-6877","post","type-post","status-publish","format-standard","has-post-thumbnail","hentry","category-fotosdescola","category-general","category-infantil","category-portada","category-primaria"],"post_mailing_queue_ids":[],"_links":{"self":[{"href":"https:\/\/agora.xtec.cat\/escolagaudisabadell\/wp-json\/wp\/v2\/posts\/6877","targetHints":{"allow":["GET"]}}],"collection":[{"href":"https:\/\/agora.xtec.cat\/escolagaudisabadell\/wp-json\/wp\/v2\/posts"}],"about":[{"href":"https:\/\/agora.xtec.cat\/escolagaudisabadell\/wp-json\/wp\/v2\/types\/post"}],"author":[{"embeddable":true,"href":"https:\/\/agora.xtec.cat\/escolagaudisabadell\/wp-json\/wp\/v2\/users\/1"}],"replies":[{"embeddable":true,"href":"https:\/\/agora.xtec.cat\/escolagaudisabadell\/wp-json\/wp\/v2\/comments?post=6877"}],"version-history":[{"count":6,"href":"https:\/\/agora.xtec.cat\/escolagaudisabadell\/wp-json\/wp\/v2\/posts\/6877\/revisions"}],"predecessor-version":[{"id":6965,"href":"https:\/\/agora.xtec.cat\/escolagaudisabadell\/wp-json\/wp\/v2\/posts\/6877\/revisions\/6965"}],"wp:featuredmedia":[{"embeddable":true,"href":"https:\/\/agora.xtec.cat\/escolagaudisabadell\/wp-json\/wp\/v2\/media\/6878"}],"wp:attachment":[{"href":"https:\/\/agora.xtec.cat\/escolagaudisabadell\/wp-json\/wp\/v2\/media?parent=6877"}],"wp:term":[{"taxonomy":"category","embeddable":true,"href":"https:\/\/agora.xtec.cat\/escolagaudisabadell\/wp-json\/wp\/v2\/categories?post=6877"},{"taxonomy":"post_tag","embeddable":true,"href":"https:\/\/agora.xtec.cat\/escolagaudisabadell\/wp-json\/wp\/v2\/tags?post=6877"}],"curies":[{"name":"wp","href":"https:\/\/api.w.org\/{rel}","templated":true}]}}