{"id":6829,"date":"2023-12-17T19:33:10","date_gmt":"2023-12-17T18:33:10","guid":{"rendered":"https:\/\/agora.xtec.cat\/escolagaudisabadell\/?p=6829"},"modified":"2023-12-17T19:39:05","modified_gmt":"2023-12-17T18:39:05","slug":"i3-1r-6e-intercanvi-de-felicitacions-13-12-23","status":"publish","type":"post","link":"https:\/\/agora.xtec.cat\/escolagaudisabadell\/general\/i3-1r-6e-intercanvi-de-felicitacions-13-12-23\/","title":{"rendered":"I3-1r- 6\u00e8 Intercanvi de felicitacions 13 12 23"},"content":{"rendered":"<p>El mes de desembre \u00e9s ple d&#8217;activitats relacionades amb les Festes de Nadal. El dimecres 13, les classes d&#8217;I3, de 1r i de 6\u00e8 ens vam trobar per intercanviar les Felicitacions de Nadal que hav\u00edem preparat. Vam gaudir d&#8217;una bona estona, veient les feines que hem preparat els uns per als altres!!!<\/p>\n<p class=\"hide-if-no-js\" style=\"text-align: center\"><a id=\"set-post-thumbnail\" class=\"thickbox\" href=\"https:\/\/photos.app.goo.gl\/GMucfwGBvPjmwq2j8\" aria-describedby=\"set-post-thumbnail-desc\"><img loading=\"lazy\" decoding=\"async\" class=\"attachment-266x266 alignnone\" src=\"https:\/\/agora.xtec.cat\/escolagaudisabadell\/wp-content\/uploads\/usu1563\/2023\/12\/IMG_20231213_115008-scaled.jpg\" alt=\"\" width=\"266\" height=\"120\" \/><\/a><\/p>\n","protected":false},"excerpt":{"rendered":"<p>El mes de desembre \u00e9s ple d&#8217;activitats relacionades amb les Festes de Nadal. El dimecres 13, les classes d&#8217;I3, de 1r i de 6\u00e8 ens vam trobar per intercanviar les Felicitacions de Nadal que hav\u00edem preparat. Vam gaudir d&#8217;una bona estona, veient les feines que&hellip;  <a href=\"https:\/\/agora.xtec.cat\/escolagaudisabadell\/general\/i3-1r-6e-intercanvi-de-felicitacions-13-12-23\/\" title=\"Read I3-1r- 6\u00e8 Intercanvi de felicitacions 13 12 23\">Llegeix m\u00e9s\u00bb<\/a><\/p>\n","protected":false},"author":3,"featured_media":6831,"comment_status":"closed","ping_status":"closed","sticky":false,"template":"","format":"standard","meta":{"_bbp_topic_count":0,"_bbp_reply_count":0,"_bbp_total_topic_count":0,"_bbp_total_reply_count":0,"_bbp_voice_count":0,"_bbp_anonymous_reply_count":0,"_bbp_topic_count_hidden":0,"_bbp_reply_count_hidden":0,"_bbp_forum_subforum_count":0,"footnotes":""},"categories":[10,15,71,1,3,4],"tags":[],"class_list":["post-6829","post","type-post","status-publish","format-standard","has-post-thumbnail","hentry","category-1r","category-6e","category-fotosdescola","category-general","category-p3","category-portada"],"post_mailing_queue_ids":[],"_links":{"self":[{"href":"https:\/\/agora.xtec.cat\/escolagaudisabadell\/wp-json\/wp\/v2\/posts\/6829","targetHints":{"allow":["GET"]}}],"collection":[{"href":"https:\/\/agora.xtec.cat\/escolagaudisabadell\/wp-json\/wp\/v2\/posts"}],"about":[{"href":"https:\/\/agora.xtec.cat\/escolagaudisabadell\/wp-json\/wp\/v2\/types\/post"}],"author":[{"embeddable":true,"href":"https:\/\/agora.xtec.cat\/escolagaudisabadell\/wp-json\/wp\/v2\/users\/3"}],"replies":[{"embeddable":true,"href":"https:\/\/agora.xtec.cat\/escolagaudisabadell\/wp-json\/wp\/v2\/comments?post=6829"}],"version-history":[{"count":2,"href":"https:\/\/agora.xtec.cat\/escolagaudisabadell\/wp-json\/wp\/v2\/posts\/6829\/revisions"}],"predecessor-version":[{"id":6833,"href":"https:\/\/agora.xtec.cat\/escolagaudisabadell\/wp-json\/wp\/v2\/posts\/6829\/revisions\/6833"}],"wp:featuredmedia":[{"embeddable":true,"href":"https:\/\/agora.xtec.cat\/escolagaudisabadell\/wp-json\/wp\/v2\/media\/6831"}],"wp:attachment":[{"href":"https:\/\/agora.xtec.cat\/escolagaudisabadell\/wp-json\/wp\/v2\/media?parent=6829"}],"wp:term":[{"taxonomy":"category","embeddable":true,"href":"https:\/\/agora.xtec.cat\/escolagaudisabadell\/wp-json\/wp\/v2\/categories?post=6829"},{"taxonomy":"post_tag","embeddable":true,"href":"https:\/\/agora.xtec.cat\/escolagaudisabadell\/wp-json\/wp\/v2\/tags?post=6829"}],"curies":[{"name":"wp","href":"https:\/\/api.w.org\/{rel}","templated":true}]}}