{"id":6826,"date":"2023-12-17T19:25:09","date_gmt":"2023-12-17T18:25:09","guid":{"rendered":"https:\/\/agora.xtec.cat\/escolagaudisabadell\/?p=6826"},"modified":"2023-12-17T19:25:09","modified_gmt":"2023-12-17T18:25:09","slug":"1r-natacio-primer-trimestre","status":"publish","type":"post","link":"https:\/\/agora.xtec.cat\/escolagaudisabadell\/general\/1r-natacio-primer-trimestre\/","title":{"rendered":"1r Nataci\u00f3 primer trimestre"},"content":{"rendered":"<p>El dijous 14 de desembre va ser l&#8217;\u00faltim dia de nataci\u00f3 d&#8217;aquest trimestre. Us hem de dir que al llarg d&#8217;aquestes sessions tots els nens i nenes han gaudit molt de les activitats a la piscina. Alguns ja fa dies que neden a la piscina ol\u00edmpica, i els altres poc a poc van agafant confian\u00e7a i esperem que aviat puguin nedar sense ajuda. Aqu\u00ed us deixem un recull de fotos del trimestre!!<\/p>\n<p class=\"hide-if-no-js\" style=\"text-align: center\"><a id=\"set-post-thumbnail\" class=\"thickbox\" href=\"https:\/\/photos.app.goo.gl\/1diEE2gvgYb8iw7N6\" aria-describedby=\"set-post-thumbnail-desc\"><img loading=\"lazy\" decoding=\"async\" class=\"attachment-266x266 alignnone\" src=\"https:\/\/agora.xtec.cat\/escolagaudisabadell\/wp-content\/uploads\/usu1563\/2023\/12\/IMG_20231019_114548-scaled.jpg\" alt=\"\" width=\"266\" height=\"120\" \/><\/a><\/p>\n","protected":false},"excerpt":{"rendered":"<p>El dijous 14 de desembre va ser l&#8217;\u00faltim dia de nataci\u00f3 d&#8217;aquest trimestre. Us hem de dir que al llarg d&#8217;aquestes sessions tots els nens i nenes han gaudit molt de les activitats a la piscina. Alguns ja fa dies que neden a la piscina&hellip;  <a href=\"https:\/\/agora.xtec.cat\/escolagaudisabadell\/general\/1r-natacio-primer-trimestre\/\" title=\"Read 1r Nataci\u00f3 primer trimestre\">Llegeix m\u00e9s\u00bb<\/a><\/p>\n","protected":false},"author":3,"featured_media":6827,"comment_status":"closed","ping_status":"closed","sticky":false,"template":"","format":"standard","meta":{"_bbp_topic_count":0,"_bbp_reply_count":0,"_bbp_total_topic_count":0,"_bbp_total_reply_count":0,"_bbp_voice_count":0,"_bbp_anonymous_reply_count":0,"_bbp_topic_count_hidden":0,"_bbp_reply_count_hidden":0,"_bbp_forum_subforum_count":0,"footnotes":""},"categories":[10,71,1,4],"tags":[],"class_list":["post-6826","post","type-post","status-publish","format-standard","has-post-thumbnail","hentry","category-1r","category-fotosdescola","category-general","category-portada"],"post_mailing_queue_ids":[],"_links":{"self":[{"href":"https:\/\/agora.xtec.cat\/escolagaudisabadell\/wp-json\/wp\/v2\/posts\/6826","targetHints":{"allow":["GET"]}}],"collection":[{"href":"https:\/\/agora.xtec.cat\/escolagaudisabadell\/wp-json\/wp\/v2\/posts"}],"about":[{"href":"https:\/\/agora.xtec.cat\/escolagaudisabadell\/wp-json\/wp\/v2\/types\/post"}],"author":[{"embeddable":true,"href":"https:\/\/agora.xtec.cat\/escolagaudisabadell\/wp-json\/wp\/v2\/users\/3"}],"replies":[{"embeddable":true,"href":"https:\/\/agora.xtec.cat\/escolagaudisabadell\/wp-json\/wp\/v2\/comments?post=6826"}],"version-history":[{"count":1,"href":"https:\/\/agora.xtec.cat\/escolagaudisabadell\/wp-json\/wp\/v2\/posts\/6826\/revisions"}],"predecessor-version":[{"id":6828,"href":"https:\/\/agora.xtec.cat\/escolagaudisabadell\/wp-json\/wp\/v2\/posts\/6826\/revisions\/6828"}],"wp:featuredmedia":[{"embeddable":true,"href":"https:\/\/agora.xtec.cat\/escolagaudisabadell\/wp-json\/wp\/v2\/media\/6827"}],"wp:attachment":[{"href":"https:\/\/agora.xtec.cat\/escolagaudisabadell\/wp-json\/wp\/v2\/media?parent=6826"}],"wp:term":[{"taxonomy":"category","embeddable":true,"href":"https:\/\/agora.xtec.cat\/escolagaudisabadell\/wp-json\/wp\/v2\/categories?post=6826"},{"taxonomy":"post_tag","embeddable":true,"href":"https:\/\/agora.xtec.cat\/escolagaudisabadell\/wp-json\/wp\/v2\/tags?post=6826"}],"curies":[{"name":"wp","href":"https:\/\/api.w.org\/{rel}","templated":true}]}}