{"id":6777,"date":"2023-12-15T20:12:47","date_gmt":"2023-12-15T19:12:47","guid":{"rendered":"https:\/\/agora.xtec.cat\/escolagaudisabadell\/?p=6777"},"modified":"2023-12-15T20:12:47","modified_gmt":"2023-12-15T19:12:47","slug":"1r-taller-a-lescola-illa","status":"publish","type":"post","link":"https:\/\/agora.xtec.cat\/escolagaudisabadell\/general\/1r-taller-a-lescola-illa\/","title":{"rendered":"1r Taller a l&#8217;escola Illa"},"content":{"rendered":"<p>La classe dels Ping\u00fcins hem anat a l&#8217;escola Illa de Sabadell a fer el taller: <em>&#8220;El dibuix sorpresa: dibuixem a cegues&#8221;.\u00a0<\/em>Hem anat en tren, ha estat una nova manera de fer la sortida! I quan hem arribat ens han explicat que l&#8217;escola Illa \u00e9s una escola d&#8217;art. Despr\u00e9s hem anat a una aula molt gran on ens han fet dibuixar amb una espelma. No v\u00e8iem res del que est\u00e0vem dibuixant&#8230; per\u00f2 hem posat aquarel\u00b7la l\u00edquida i &#8230; ha sortit el dibuix sorpresa. Ens ha encantat perqu\u00e8 a m\u00e9s hem treballat en grup!<\/p>\n<p class=\"hide-if-no-js\" style=\"text-align: center\"><a id=\"set-post-thumbnail\" class=\"thickbox\" href=\"https:\/\/photos.app.goo.gl\/ZdCGbFMqaKig4nRE7\" aria-describedby=\"set-post-thumbnail-desc\"><img loading=\"lazy\" decoding=\"async\" class=\"attachment-266x266 alignnone\" src=\"https:\/\/agora.xtec.cat\/escolagaudisabadell\/wp-content\/uploads\/usu1563\/2023\/11\/IMG_20231129_104233-scaled.jpg\" alt=\"\" width=\"266\" height=\"120\" \/><\/a><\/p>\n","protected":false},"excerpt":{"rendered":"<p>La classe dels Ping\u00fcins hem anat a l&#8217;escola Illa de Sabadell a fer el taller: &#8220;El dibuix sorpresa: dibuixem a cegues&#8221;.\u00a0Hem anat en tren, ha estat una nova manera de fer la sortida! I quan hem arribat ens han explicat que l&#8217;escola Illa \u00e9s una&hellip;  <a href=\"https:\/\/agora.xtec.cat\/escolagaudisabadell\/general\/1r-taller-a-lescola-illa\/\" title=\"Read 1r Taller a l&#8217;escola Illa\">Llegeix m\u00e9s\u00bb<\/a><\/p>\n","protected":false},"author":3,"featured_media":6778,"comment_status":"closed","ping_status":"closed","sticky":false,"template":"","format":"standard","meta":{"_bbp_topic_count":0,"_bbp_reply_count":0,"_bbp_total_topic_count":0,"_bbp_total_reply_count":0,"_bbp_voice_count":0,"_bbp_anonymous_reply_count":0,"_bbp_topic_count_hidden":0,"_bbp_reply_count_hidden":0,"_bbp_forum_subforum_count":0,"footnotes":""},"categories":[10,71,1,4],"tags":[],"class_list":["post-6777","post","type-post","status-publish","format-standard","has-post-thumbnail","hentry","category-1r","category-fotosdescola","category-general","category-portada"],"post_mailing_queue_ids":[],"_links":{"self":[{"href":"https:\/\/agora.xtec.cat\/escolagaudisabadell\/wp-json\/wp\/v2\/posts\/6777","targetHints":{"allow":["GET"]}}],"collection":[{"href":"https:\/\/agora.xtec.cat\/escolagaudisabadell\/wp-json\/wp\/v2\/posts"}],"about":[{"href":"https:\/\/agora.xtec.cat\/escolagaudisabadell\/wp-json\/wp\/v2\/types\/post"}],"author":[{"embeddable":true,"href":"https:\/\/agora.xtec.cat\/escolagaudisabadell\/wp-json\/wp\/v2\/users\/3"}],"replies":[{"embeddable":true,"href":"https:\/\/agora.xtec.cat\/escolagaudisabadell\/wp-json\/wp\/v2\/comments?post=6777"}],"version-history":[{"count":4,"href":"https:\/\/agora.xtec.cat\/escolagaudisabadell\/wp-json\/wp\/v2\/posts\/6777\/revisions"}],"predecessor-version":[{"id":6821,"href":"https:\/\/agora.xtec.cat\/escolagaudisabadell\/wp-json\/wp\/v2\/posts\/6777\/revisions\/6821"}],"wp:featuredmedia":[{"embeddable":true,"href":"https:\/\/agora.xtec.cat\/escolagaudisabadell\/wp-json\/wp\/v2\/media\/6778"}],"wp:attachment":[{"href":"https:\/\/agora.xtec.cat\/escolagaudisabadell\/wp-json\/wp\/v2\/media?parent=6777"}],"wp:term":[{"taxonomy":"category","embeddable":true,"href":"https:\/\/agora.xtec.cat\/escolagaudisabadell\/wp-json\/wp\/v2\/categories?post=6777"},{"taxonomy":"post_tag","embeddable":true,"href":"https:\/\/agora.xtec.cat\/escolagaudisabadell\/wp-json\/wp\/v2\/tags?post=6777"}],"curies":[{"name":"wp","href":"https:\/\/api.w.org\/{rel}","templated":true}]}}